{"id":10207,"date":"2024-03-04T19:20:39","date_gmt":"2024-03-04T17:20:39","guid":{"rendered":"https:\/\/circular.berlin\/?p=10207"},"modified":"2025-12-30T12:35:52","modified_gmt":"2025-12-30T10:35:52","slug":"new-essay-revalue-your-clothes-implementing-a-circular-textiles-economy","status":"publish","type":"post","link":"https:\/\/circular.berlin\/de\/download\/new-essay-revalue-your-clothes-implementing-a-circular-textiles-economy\/","title":{"rendered":"Aufsatz: \u201cRevalue your clothes - Implementierung einer Kreislaufwirtschaft f\u00fcr Textilien\u201d"},"content":{"rendered":"<div class=\"wp-block-group has-global-padding is-layout-constrained wp-block-group-is-layout-constrained\">\n<div class=\"wp-block-columns alignwide is-layout-flex wp-container-core-columns-is-layout-34aad5f8 wp-block-columns-is-layout-flex\" style=\"margin-top:var(--wp--preset--spacing--60)\">\n<div class=\"wp-block-column is-layout-flow wp-block-column-is-layout-flow\" style=\"padding-right:0;flex-basis:40%\"><figure style=\"aspect-ratio:4\/3;\" class=\"wp-block-post-featured-image\"><img loading=\"lazy\" decoding=\"async\" width=\"1862\" height=\"1048\" src=\"https:\/\/circular.berlin\/wp-content\/uploads\/2024\/02\/Bildschirmfoto-2024-02-28-um-16.57.15.webp\" class=\"attachment-post-thumbnail size-post-thumbnail wp-post-image\" alt=\"\" style=\"border-radius:15px;width:100%;height:100%;object-fit:cover;\" srcset=\"https:\/\/circular.berlin\/wp-content\/uploads\/2024\/02\/Bildschirmfoto-2024-02-28-um-16.57.15.webp 1862w, https:\/\/circular.berlin\/wp-content\/uploads\/2024\/02\/Bildschirmfoto-2024-02-28-um-16.57.15-300x169.webp 300w, https:\/\/circular.berlin\/wp-content\/uploads\/2024\/02\/Bildschirmfoto-2024-02-28-um-16.57.15-1024x576.webp 1024w, https:\/\/circular.berlin\/wp-content\/uploads\/2024\/02\/Bildschirmfoto-2024-02-28-um-16.57.15-768x432.webp 768w, https:\/\/circular.berlin\/wp-content\/uploads\/2024\/02\/Bildschirmfoto-2024-02-28-um-16.57.15-1536x865.webp 1536w, https:\/\/circular.berlin\/wp-content\/uploads\/2024\/02\/Bildschirmfoto-2024-02-28-um-16.57.15-18x10.webp 18w\" sizes=\"auto, (max-width: 1862px) 100vw, 1862px\" \/><\/figure>\n\n<div style=\"font-style:normal;font-weight:300\" class=\"taxonomy-category wp-block-post-terms\"><a href=\"https:\/\/circular.berlin\/de\/category\/download\/\" rel=\"tag\">Herunterladen<\/a><\/div>\n\n<div class=\"wp-block-post-date\"><time datetime=\"2024-03-04T19:20:39+02:00\">04.03.2024<\/time><\/div>\n\n\n<div class=\"wp-block-group has-link-color has-small-font-size is-layout-flex wp-container-core-group-is-layout-4efaea1e wp-block-group-is-layout-flex\" style=\"margin-bottom:var(--wp--preset--spacing--60)\">\n<p>Geschrieben von <\/p>\n\n\n<div class=\"wp-block-post-author-name\"><a href=\"https:\/\/circular.berlin\/de\/author\/guest\/\" target=\"_self\" class=\"wp-block-post-author-name__link\">CB-Team<\/a><\/div><\/div>\n\n\n\n<div class=\"wp-block-group is-style-default has-global-padding is-content-justification-left is-layout-constrained wp-container-core-group-is-layout-16a8afda wp-block-group-is-layout-constrained\" style=\"padding-top:0;padding-bottom:0\">\n<hr class=\"wp-block-separator has-alpha-channel-opacity\"\/>\n\n\n\n<div class=\"wp-block-buttons is-layout-flex wp-block-buttons-is-layout-flex\">\n<div class=\"wp-block-button has-custom-width wp-block-button__width-100 is-style-big-white-3 is-style-big-white-3--1\"><a class=\"wp-block-button__link wp-element-button\" href=\"https:\/\/www.helmut-schmidt.de\/bkhs-magazine-remaking-globalisation\" target=\"_blank\" rel=\"noreferrer noopener\">Laden Sie das BKHS-Magazin \u201cGlobalisierung neu gestalten\u201d herunter\u201d<\/a><\/div>\n<\/div>\n\n\n\n<hr class=\"wp-block-separator has-alpha-channel-opacity is-style-default\"\/>\n<\/div>\n<\/div>\n\n\n\n<div class=\"wp-block-column is-layout-flow wp-block-column-is-layout-flow\" style=\"flex-basis:10%\"><\/div>\n\n\n\n<div class=\"wp-block-column is-layout-flow wp-block-column-is-layout-flow\" style=\"flex-basis:50%\"><h1 style=\"font-style:normal;font-weight:500;\" class=\"wp-block-post-title\">Aufsatz: \u201cRevalue your clothes - Implementierung einer Kreislaufwirtschaft f\u00fcr Textilien\u201d<\/h1>\n\n\n<p><strong>ver\u00f6ffentlicht im 3. BKHS Magazin w\u00e4chst eine wertvolle Kooperation f\u00fcr unser kommendes Austauschprojekt zwischen Ghana &amp; Deutschland<\/strong><\/p>\n\n\n\n<p>Wir freuen uns und sind stolz, unsere Ver\u00f6ffentlichung \"Revalue your clothes - implementing a circular textiles economy\" in der dritten Ausgabe des Magazins der Bundeskanzler Helmut Schmidt Stiftung zum diesj\u00e4hrigen Thema \"Remaking Globalization\" zu verk\u00fcnden.<\/p>\n\n\n\n<p>Die Regeln der Modeindustrie werden von global agierenden Fast Fashion Riesen bestimmt, deren lineare Wirtschaftsweise auf Ausbeutung von Natur und Gesellschaft fu\u00dft. Dies zerst\u00f6rt konsequent \u00f6kologische, soziale und auch \u00f6konomische Werte. Eine gerechte Modeindustrie braucht einen neuen globalen Rechtsrahmen und eine gesteigerte Wertsch\u00e4tzung f\u00fcr Qualit\u00e4t seitens der Konsument:innen.<\/p>\n\n\n\n<p>W\u00e4hrend ihrer Master Thesis hat unser Teammitglied <a href=\"https:\/\/www.linkedin.com\/in\/sarah-keller-b1230114a\/\">Sarah Keller<\/a> die Erfolgsfaktoren und Designprinzipien f\u00fcr den Aufbau eines starken zirkul\u00e4ren Netzwerkes f\u00fcr eine textile Kreislaufwirtschaft erforscht. Unter Einbezug unserer digitalen Plattform <a href=\"https:\/\/a-gain.guide\/de\">A-Gain-Leitfaden<\/a> hat sie den Schwerpunkt auf die lokal agierenden Gesch\u00e4ftsmodelle im Bereich Repair und Reuse gelegt. Der A-Gain Guide zeigt den Berliner:innen die bequemsten M\u00f6glichkeiten zur Reparatur und Wiederverwendung auf, um die Lebensdauer ihrer gebrauchten Textilien zu verl\u00e4ngern. Das Nutzen dieser Angebote kann die negativen Auswirkungen des Modekonsums auf \u00f6kologischer und sozialer Ebene erheblich reduzieren und bietet gleichzeitig ein gro\u00dfes Potential f\u00fcr lokale Unternehmen.<strong> In ihrem Beitrag beschreibt Sarah die m\u00f6glichen L\u00f6sungen f\u00fcr eine St\u00e4rkung der lokalen textilen Kreislaufwirtschaft und weist auf die Notwendigkeit einer verst\u00e4rkten Interaktion zwischen Politik, Verbraucher:innen und Unternehmen hin.<\/strong><\/p>\n\n\n\n<figure class=\"wp-block-image size-full\"><img loading=\"lazy\" decoding=\"async\" width=\"920\" height=\"1146\" src=\"https:\/\/circular.berlin\/wp-content\/uploads\/2024\/02\/Bildschirmfoto-2024-02-28-um-16.11.31.webp\" alt=\"\" class=\"wp-image-10211\" title=\"Bildschirmfoto 2024-02-28 um 16.11.31\" srcset=\"https:\/\/circular.berlin\/wp-content\/uploads\/2024\/02\/Bildschirmfoto-2024-02-28-um-16.11.31.webp 920w, https:\/\/circular.berlin\/wp-content\/uploads\/2024\/02\/Bildschirmfoto-2024-02-28-um-16.11.31-241x300.webp 241w, https:\/\/circular.berlin\/wp-content\/uploads\/2024\/02\/Bildschirmfoto-2024-02-28-um-16.11.31-822x1024.webp 822w, https:\/\/circular.berlin\/wp-content\/uploads\/2024\/02\/Bildschirmfoto-2024-02-28-um-16.11.31-768x957.webp 768w, https:\/\/circular.berlin\/wp-content\/uploads\/2024\/02\/Bildschirmfoto-2024-02-28-um-16.11.31-10x12.webp 10w\" sizes=\"auto, (max-width: 920px) 100vw, 920px\" \/><\/figure>\n\n\n\n<p>Diese wichtigen Br\u00fccken bauen wir mit unserem A-Gain Guide und hoffen, andere Regionen und St\u00e4dte zu inspirieren und ihnen durch unser Open-Source Ansatz die M\u00f6glichkeit zu bieten, unserem Beispiel zu folgen.<\/p>\n\n\n\n<p>Wir danken Dr. Elisabeth Winter, Programmdirektorin \u201cGlobale M\u00e4rkte &amp; Soziale Gerechtigkeit\u201d und ihrem Team bei der Bundeskanzler-Helmut-Schmidt-Stiftung f\u00fcr die M\u00f6glichkeit, unsere Forschung und Arbeit im BHKS-Magazin vorzustellen.<br>Enge und starke Beziehungen sind wesentlich f\u00fcr unseren Weg hin zu einer Kreislaufwirtschaft -  sowohl eine wertsch\u00e4tzende Beziehung zu unserer Kleidung als auch die Beziehung zwischen den Schl\u00fcsselakteur:innen in einem zirkul\u00e4ren Netzwerk. <strong>Mit der Helmut Schmidt Stiftung haben wir einen starken Kooperationspartner gefunden und freuen uns sehr auf unsere gemeinsame Zusammenarbeit f\u00fcr unser neues Projekt im Bereich des globalen Second Hand Handels: <\/strong><a href=\"https:\/\/circular.berlin\/de\/portfolio-item\/ghana-x-germany-paving-the-way-for-an-equitable-epr\/\"><strong><em>Ghana x Deutschland<\/em><\/strong><\/a><strong><em>: Den Weg ebnen f\u00fcr eine gerechte Erweiterte Herstellerverantwortung<\/em><\/strong>.&nbsp;<\/p>\n\n\n\n<p>Mit diesem Austauschprojekt zwischen Ghana und Deutschland m\u00f6chten wir ein besseres Verst\u00e4ndnis f\u00fcr die Komplexit\u00e4t und die unterschiedlichen Realit\u00e4ten im Zusammenhang mit Textilabf\u00e4llen erlangen und daraus ableitend die Entwicklung neuer L\u00f6sungen f\u00fcr eine EPR-Politik im Bereich Textil in Deutschland f\u00f6rdern.<\/p>\n<\/div>\n<\/div>\n<\/div>","protected":false},"excerpt":{"rendered":"<p>Written by published in 3rd BKHS Magazine grows a valuable cooperation for our upcoming exchange project between Ghana &amp; Germany We are excited and proud to announce our publication titled \u201eRevalue your clothes \u2013 implementing a circular textiles economy\u201d in the third edition of the Bundeskanzler Helmut Schmidt Foundation Magazin on this year\u00b4s topic \u201cRemaking [&hellip;]<\/p>\n","protected":false},"author":15,"featured_media":10242,"comment_status":"closed","ping_status":"closed","sticky":false,"template":"project-blog-post","format":"standard","meta":{"_acf_changed":false,"footnotes":""},"categories":[44],"tags":[157,219,220],"unit":[231],"topic":[234],"class_list":["post-10207","post","type-post","status-publish","format-standard","has-post-thumbnail","hentry","category-download","tag-circular-fashion","tag-circular-textiles","tag-textiles","unit-circular-culture","topic-textiles-fashion"],"acf":[],"yoast_head":"<!-- This site is optimized with the Yoast SEO plugin v27.4 - https:\/\/yoast.com\/product\/yoast-seo-wordpress\/ -->\n<title>Essay: \u201cRevalue your clothes \u2013 implementing a circular textiles economy\u201d - Circular Berlin<\/title>\n<meta name=\"robots\" content=\"index, follow, max-snippet:-1, max-image-preview:large, max-video-preview:-1\" \/>\n<link rel=\"canonical\" href=\"https:\/\/circular.berlin\/de\/download\/new-essay-revalue-your-clothes-implementing-a-circular-textiles-economy\/\" \/>\n<meta property=\"og:locale\" content=\"de_DE\" \/>\n<meta property=\"og:type\" content=\"article\" \/>\n<meta property=\"og:title\" content=\"Essay: \u201cRevalue your clothes \u2013 implementing a circular textiles economy\u201d - Circular Berlin\" \/>\n<meta property=\"og:description\" content=\"Written by published in 3rd BKHS Magazine grows a valuable cooperation for our upcoming exchange project between Ghana &amp; Germany We are excited and proud to announce our publication titled \u201eRevalue your clothes \u2013 implementing a circular textiles economy\u201d in the third edition of the Bundeskanzler Helmut Schmidt Foundation Magazin on this year\u00b4s topic \u201cRemaking [&hellip;]\" \/>\n<meta property=\"og:url\" content=\"https:\/\/circular.berlin\/de\/download\/new-essay-revalue-your-clothes-implementing-a-circular-textiles-economy\/\" \/>\n<meta property=\"og:site_name\" content=\"Circular Berlin\" \/>\n<meta property=\"article:publisher\" content=\"https:\/\/www.facebook.com\/circularBerlin\" \/>\n<meta property=\"article:published_time\" content=\"2024-03-04T17:20:39+00:00\" \/>\n<meta property=\"article:modified_time\" content=\"2025-12-30T10:35:52+00:00\" \/>\n<meta property=\"og:image\" content=\"https:\/\/circular.berlin\/wp-content\/uploads\/2024\/02\/Bildschirmfoto-2024-02-28-um-16.57.15.webp\" \/>\n\t<meta property=\"og:image:width\" content=\"1862\" \/>\n\t<meta property=\"og:image:height\" content=\"1048\" \/>\n\t<meta property=\"og:image:type\" content=\"image\/webp\" \/>\n<meta name=\"author\" content=\"CB team\" \/>\n<meta name=\"twitter:card\" content=\"summary_large_image\" \/>\n<meta name=\"twitter:label1\" content=\"Verfasst von\" \/>\n\t<meta name=\"twitter:data1\" content=\"CB team\" \/>\n\t<meta name=\"twitter:label2\" content=\"Gesch\u00e4tzte Lesezeit\" \/>\n\t<meta name=\"twitter:data2\" content=\"3\u00a0Minuten\" \/>\n<script type=\"application\/ld+json\" class=\"yoast-schema-graph\">{\"@context\":\"https:\\\/\\\/schema.org\",\"@graph\":[{\"@type\":\"Article\",\"@id\":\"https:\\\/\\\/circular.berlin\\\/download\\\/new-essay-revalue-your-clothes-implementing-a-circular-textiles-economy\\\/#article\",\"isPartOf\":{\"@id\":\"https:\\\/\\\/circular.berlin\\\/download\\\/new-essay-revalue-your-clothes-implementing-a-circular-textiles-economy\\\/\"},\"author\":{\"name\":\"CB team\",\"@id\":\"https:\\\/\\\/circular.berlin\\\/#\\\/schema\\\/person\\\/52c7e81b23d86a0391760d9989951257\"},\"headline\":\"Essay: \u201cRevalue your clothes \u2013 implementing a circular textiles economy\u201d\",\"datePublished\":\"2024-03-04T17:20:39+00:00\",\"dateModified\":\"2025-12-30T10:35:52+00:00\",\"mainEntityOfPage\":{\"@id\":\"https:\\\/\\\/circular.berlin\\\/download\\\/new-essay-revalue-your-clothes-implementing-a-circular-textiles-economy\\\/\"},\"wordCount\":430,\"publisher\":{\"@id\":\"https:\\\/\\\/circular.berlin\\\/#organization\"},\"image\":{\"@id\":\"https:\\\/\\\/circular.berlin\\\/download\\\/new-essay-revalue-your-clothes-implementing-a-circular-textiles-economy\\\/#primaryimage\"},\"thumbnailUrl\":\"https:\\\/\\\/circular.berlin\\\/wp-content\\\/uploads\\\/2024\\\/02\\\/Bildschirmfoto-2024-02-28-um-16.57.15.webp\",\"keywords\":[\"circular fashion\",\"circular textiles\",\"textiles\"],\"articleSection\":[\"Download\"],\"inLanguage\":\"de\"},{\"@type\":\"WebPage\",\"@id\":\"https:\\\/\\\/circular.berlin\\\/download\\\/new-essay-revalue-your-clothes-implementing-a-circular-textiles-economy\\\/\",\"url\":\"https:\\\/\\\/circular.berlin\\\/download\\\/new-essay-revalue-your-clothes-implementing-a-circular-textiles-economy\\\/\",\"name\":\"Essay: \u201cRevalue your clothes \u2013 implementing a circular textiles economy\u201d - Circular Berlin\",\"isPartOf\":{\"@id\":\"https:\\\/\\\/circular.berlin\\\/#website\"},\"primaryImageOfPage\":{\"@id\":\"https:\\\/\\\/circular.berlin\\\/download\\\/new-essay-revalue-your-clothes-implementing-a-circular-textiles-economy\\\/#primaryimage\"},\"image\":{\"@id\":\"https:\\\/\\\/circular.berlin\\\/download\\\/new-essay-revalue-your-clothes-implementing-a-circular-textiles-economy\\\/#primaryimage\"},\"thumbnailUrl\":\"https:\\\/\\\/circular.berlin\\\/wp-content\\\/uploads\\\/2024\\\/02\\\/Bildschirmfoto-2024-02-28-um-16.57.15.webp\",\"datePublished\":\"2024-03-04T17:20:39+00:00\",\"dateModified\":\"2025-12-30T10:35:52+00:00\",\"breadcrumb\":{\"@id\":\"https:\\\/\\\/circular.berlin\\\/download\\\/new-essay-revalue-your-clothes-implementing-a-circular-textiles-economy\\\/#breadcrumb\"},\"inLanguage\":\"de\",\"potentialAction\":[{\"@type\":\"ReadAction\",\"target\":[\"https:\\\/\\\/circular.berlin\\\/download\\\/new-essay-revalue-your-clothes-implementing-a-circular-textiles-economy\\\/\"]}]},{\"@type\":\"ImageObject\",\"inLanguage\":\"de\",\"@id\":\"https:\\\/\\\/circular.berlin\\\/download\\\/new-essay-revalue-your-clothes-implementing-a-circular-textiles-economy\\\/#primaryimage\",\"url\":\"https:\\\/\\\/circular.berlin\\\/wp-content\\\/uploads\\\/2024\\\/02\\\/Bildschirmfoto-2024-02-28-um-16.57.15.webp\",\"contentUrl\":\"https:\\\/\\\/circular.berlin\\\/wp-content\\\/uploads\\\/2024\\\/02\\\/Bildschirmfoto-2024-02-28-um-16.57.15.webp\",\"width\":1862,\"height\":1048},{\"@type\":\"BreadcrumbList\",\"@id\":\"https:\\\/\\\/circular.berlin\\\/download\\\/new-essay-revalue-your-clothes-implementing-a-circular-textiles-economy\\\/#breadcrumb\",\"itemListElement\":[{\"@type\":\"ListItem\",\"position\":1,\"name\":\"Home\",\"item\":\"https:\\\/\\\/circular.berlin\\\/\"},{\"@type\":\"ListItem\",\"position\":2,\"name\":\"Essay: \u201cRevalue your clothes \u2013 implementing a circular textiles economy\u201d\"}]},{\"@type\":\"WebSite\",\"@id\":\"https:\\\/\\\/circular.berlin\\\/#website\",\"url\":\"https:\\\/\\\/circular.berlin\\\/\",\"name\":\"Circular Berlin\",\"description\":\"Accelerating Berlin\u2019s transition towards a circular city.\",\"publisher\":{\"@id\":\"https:\\\/\\\/circular.berlin\\\/#organization\"},\"potentialAction\":[{\"@type\":\"SearchAction\",\"target\":{\"@type\":\"EntryPoint\",\"urlTemplate\":\"https:\\\/\\\/circular.berlin\\\/?s={search_term_string}\"},\"query-input\":{\"@type\":\"PropertyValueSpecification\",\"valueRequired\":true,\"valueName\":\"search_term_string\"}}],\"inLanguage\":\"de\"},{\"@type\":\"Organization\",\"@id\":\"https:\\\/\\\/circular.berlin\\\/#organization\",\"name\":\"Circular Berlin\",\"url\":\"https:\\\/\\\/circular.berlin\\\/\",\"logo\":{\"@type\":\"ImageObject\",\"inLanguage\":\"de\",\"@id\":\"https:\\\/\\\/circular.berlin\\\/#\\\/schema\\\/logo\\\/image\\\/\",\"url\":\"https:\\\/\\\/circular.berlin\\\/wp-content\\\/uploads\\\/2026\\\/02\\\/CB_Logo.svg\",\"contentUrl\":\"https:\\\/\\\/circular.berlin\\\/wp-content\\\/uploads\\\/2026\\\/02\\\/CB_Logo.svg\",\"width\":452,\"height\":58,\"caption\":\"Circular Berlin\"},\"image\":{\"@id\":\"https:\\\/\\\/circular.berlin\\\/#\\\/schema\\\/logo\\\/image\\\/\"},\"sameAs\":[\"https:\\\/\\\/www.facebook.com\\\/circularBerlin\"]},{\"@type\":\"Person\",\"@id\":\"https:\\\/\\\/circular.berlin\\\/#\\\/schema\\\/person\\\/52c7e81b23d86a0391760d9989951257\",\"name\":\"CB team\",\"url\":\"https:\\\/\\\/circular.berlin\\\/de\\\/author\\\/guest\\\/\"}]}<\/script>\n<!-- \/ Yoast SEO plugin. -->","yoast_head_json":{"title":"Essay: \u201cRevalue your clothes \u2013 implementing a circular textiles economy\u201d - Circular Berlin","robots":{"index":"index","follow":"follow","max-snippet":"max-snippet:-1","max-image-preview":"max-image-preview:large","max-video-preview":"max-video-preview:-1"},"canonical":"https:\/\/circular.berlin\/de\/download\/new-essay-revalue-your-clothes-implementing-a-circular-textiles-economy\/","og_locale":"de_DE","og_type":"article","og_title":"Essay: \u201cRevalue your clothes \u2013 implementing a circular textiles economy\u201d - Circular Berlin","og_description":"Written by published in 3rd BKHS Magazine grows a valuable cooperation for our upcoming exchange project between Ghana &amp; Germany We are excited and proud to announce our publication titled \u201eRevalue your clothes \u2013 implementing a circular textiles economy\u201d in the third edition of the Bundeskanzler Helmut Schmidt Foundation Magazin on this year\u00b4s topic \u201cRemaking [&hellip;]","og_url":"https:\/\/circular.berlin\/de\/download\/new-essay-revalue-your-clothes-implementing-a-circular-textiles-economy\/","og_site_name":"Circular Berlin","article_publisher":"https:\/\/www.facebook.com\/circularBerlin","article_published_time":"2024-03-04T17:20:39+00:00","article_modified_time":"2025-12-30T10:35:52+00:00","og_image":[{"width":1862,"height":1048,"url":"https:\/\/circular.berlin\/wp-content\/uploads\/2024\/02\/Bildschirmfoto-2024-02-28-um-16.57.15.webp","type":"image\/webp"}],"author":"CB team","twitter_card":"summary_large_image","twitter_misc":{"Verfasst von":"CB team","Gesch\u00e4tzte Lesezeit":"3\u00a0Minuten"},"schema":{"@context":"https:\/\/schema.org","@graph":[{"@type":"Article","@id":"https:\/\/circular.berlin\/download\/new-essay-revalue-your-clothes-implementing-a-circular-textiles-economy\/#article","isPartOf":{"@id":"https:\/\/circular.berlin\/download\/new-essay-revalue-your-clothes-implementing-a-circular-textiles-economy\/"},"author":{"name":"CB team","@id":"https:\/\/circular.berlin\/#\/schema\/person\/52c7e81b23d86a0391760d9989951257"},"headline":"Essay: \u201cRevalue your clothes \u2013 implementing a circular textiles economy\u201d","datePublished":"2024-03-04T17:20:39+00:00","dateModified":"2025-12-30T10:35:52+00:00","mainEntityOfPage":{"@id":"https:\/\/circular.berlin\/download\/new-essay-revalue-your-clothes-implementing-a-circular-textiles-economy\/"},"wordCount":430,"publisher":{"@id":"https:\/\/circular.berlin\/#organization"},"image":{"@id":"https:\/\/circular.berlin\/download\/new-essay-revalue-your-clothes-implementing-a-circular-textiles-economy\/#primaryimage"},"thumbnailUrl":"https:\/\/circular.berlin\/wp-content\/uploads\/2024\/02\/Bildschirmfoto-2024-02-28-um-16.57.15.webp","keywords":["circular fashion","circular textiles","textiles"],"articleSection":["Download"],"inLanguage":"de"},{"@type":"WebPage","@id":"https:\/\/circular.berlin\/download\/new-essay-revalue-your-clothes-implementing-a-circular-textiles-economy\/","url":"https:\/\/circular.berlin\/download\/new-essay-revalue-your-clothes-implementing-a-circular-textiles-economy\/","name":"Essay: \u201cRevalue your clothes \u2013 implementing a circular textiles economy\u201d - Circular Berlin","isPartOf":{"@id":"https:\/\/circular.berlin\/#website"},"primaryImageOfPage":{"@id":"https:\/\/circular.berlin\/download\/new-essay-revalue-your-clothes-implementing-a-circular-textiles-economy\/#primaryimage"},"image":{"@id":"https:\/\/circular.berlin\/download\/new-essay-revalue-your-clothes-implementing-a-circular-textiles-economy\/#primaryimage"},"thumbnailUrl":"https:\/\/circular.berlin\/wp-content\/uploads\/2024\/02\/Bildschirmfoto-2024-02-28-um-16.57.15.webp","datePublished":"2024-03-04T17:20:39+00:00","dateModified":"2025-12-30T10:35:52+00:00","breadcrumb":{"@id":"https:\/\/circular.berlin\/download\/new-essay-revalue-your-clothes-implementing-a-circular-textiles-economy\/#breadcrumb"},"inLanguage":"de","potentialAction":[{"@type":"ReadAction","target":["https:\/\/circular.berlin\/download\/new-essay-revalue-your-clothes-implementing-a-circular-textiles-economy\/"]}]},{"@type":"ImageObject","inLanguage":"de","@id":"https:\/\/circular.berlin\/download\/new-essay-revalue-your-clothes-implementing-a-circular-textiles-economy\/#primaryimage","url":"https:\/\/circular.berlin\/wp-content\/uploads\/2024\/02\/Bildschirmfoto-2024-02-28-um-16.57.15.webp","contentUrl":"https:\/\/circular.berlin\/wp-content\/uploads\/2024\/02\/Bildschirmfoto-2024-02-28-um-16.57.15.webp","width":1862,"height":1048},{"@type":"BreadcrumbList","@id":"https:\/\/circular.berlin\/download\/new-essay-revalue-your-clothes-implementing-a-circular-textiles-economy\/#breadcrumb","itemListElement":[{"@type":"ListItem","position":1,"name":"Home","item":"https:\/\/circular.berlin\/"},{"@type":"ListItem","position":2,"name":"Essay: \u201cRevalue your clothes \u2013 implementing a circular textiles economy\u201d"}]},{"@type":"WebSite","@id":"https:\/\/circular.berlin\/#website","url":"https:\/\/circular.berlin\/","name":"Rundschreiben Berlin","description":"Beschleunigung des \u00dcbergangs Berlins zu einer kreisf\u00f6rmigen Stadt.","publisher":{"@id":"https:\/\/circular.berlin\/#organization"},"potentialAction":[{"@type":"SearchAction","target":{"@type":"EntryPoint","urlTemplate":"https:\/\/circular.berlin\/?s={search_term_string}"},"query-input":{"@type":"PropertyValueSpecification","valueRequired":true,"valueName":"search_term_string"}}],"inLanguage":"de"},{"@type":"Organization","@id":"https:\/\/circular.berlin\/#organization","name":"Rundschreiben Berlin","url":"https:\/\/circular.berlin\/","logo":{"@type":"ImageObject","inLanguage":"de","@id":"https:\/\/circular.berlin\/#\/schema\/logo\/image\/","url":"https:\/\/circular.berlin\/wp-content\/uploads\/2026\/02\/CB_Logo.svg","contentUrl":"https:\/\/circular.berlin\/wp-content\/uploads\/2026\/02\/CB_Logo.svg","width":452,"height":58,"caption":"Circular Berlin"},"image":{"@id":"https:\/\/circular.berlin\/#\/schema\/logo\/image\/"},"sameAs":["https:\/\/www.facebook.com\/circularBerlin"]},{"@type":"Person","@id":"https:\/\/circular.berlin\/#\/schema\/person\/52c7e81b23d86a0391760d9989951257","name":"CB-Team","url":"https:\/\/circular.berlin\/de\/author\/guest\/"}]}},"_links":{"self":[{"href":"https:\/\/circular.berlin\/de\/wp-json\/wp\/v2\/posts\/10207","targetHints":{"allow":["GET"]}}],"collection":[{"href":"https:\/\/circular.berlin\/de\/wp-json\/wp\/v2\/posts"}],"about":[{"href":"https:\/\/circular.berlin\/de\/wp-json\/wp\/v2\/types\/post"}],"author":[{"embeddable":true,"href":"https:\/\/circular.berlin\/de\/wp-json\/wp\/v2\/users\/15"}],"replies":[{"embeddable":true,"href":"https:\/\/circular.berlin\/de\/wp-json\/wp\/v2\/comments?post=10207"}],"version-history":[{"count":2,"href":"https:\/\/circular.berlin\/de\/wp-json\/wp\/v2\/posts\/10207\/revisions"}],"predecessor-version":[{"id":12535,"href":"https:\/\/circular.berlin\/de\/wp-json\/wp\/v2\/posts\/10207\/revisions\/12535"}],"wp:featuredmedia":[{"embeddable":true,"href":"https:\/\/circular.berlin\/de\/wp-json\/wp\/v2\/media\/10242"}],"wp:attachment":[{"href":"https:\/\/circular.berlin\/de\/wp-json\/wp\/v2\/media?parent=10207"}],"wp:term":[{"taxonomy":"category","embeddable":true,"href":"https:\/\/circular.berlin\/de\/wp-json\/wp\/v2\/categories?post=10207"},{"taxonomy":"post_tag","embeddable":true,"href":"https:\/\/circular.berlin\/de\/wp-json\/wp\/v2\/tags?post=10207"},{"taxonomy":"unit","embeddable":true,"href":"https:\/\/circular.berlin\/de\/wp-json\/wp\/v2\/unit?post=10207"},{"taxonomy":"topic","embeddable":true,"href":"https:\/\/circular.berlin\/de\/wp-json\/wp\/v2\/topic?post=10207"}],"curies":[{"name":"wp","href":"https:\/\/api.w.org\/{rel}","templated":true}]}}