{"id":4935,"date":"2019-09-04T10:21:16","date_gmt":"2019-09-04T08:21:16","guid":{"rendered":"http:\/\/circular.berlin\/?p=4935"},"modified":"2025-11-03T00:36:28","modified_gmt":"2025-11-02T22:36:28","slug":"kickstarting-circular-food-in-berlin","status":"publish","type":"post","link":"https:\/\/circular.berlin\/de\/news\/kickstarting-circular-food-in-berlin\/","title":{"rendered":"Startschuss f\u00fcr Circular Food in Berlin"},"content":{"rendered":"<p>2019 ist ein Jahr mit viel Bewegung in Berlin. Auch f\u00fcr Circular Berlin (CB) trifft diese Realit\u00e4t zu. Verschiedene Projekte, Workshops und Initiativen wurden im Laufe des Jahres entwickelt, um die Vision der Kreislaufwirtschaft unter den Unternehmern in unserer geliebten Stadt zu f\u00f6rdern und zu verbessern.&nbsp;<\/p>\n\n\n\n<p>Am 18. Juli starteten wir unser 2. Get Together in Berlin im B-Teil Am Gleisdreieck zum Thema Essen. Bei dieser kleinen Veranstaltung wollten wir die Ergebnisse der diesj\u00e4hrigen Winter-Hauptsitzung weiterf\u00fchren <em>\u201c<span style=\"color: #3366ff;\"><a style=\"color: #3366ff;\" href=\"https:\/\/drive.google.com\/file\/d\/1XnpAMEjlm_1GBn45fBU4BfVPkjEUEysz\/view\">Potenziale der Kreislaufwirtschaft f\u00fcr Lebensmittel- und Biomassestr\u00f6me in der Hauptstadtregion<\/a><\/span><\/em><span style=\"color: #3366ff;\">\u201d<\/span> &nbsp;<\/p>\n\n\n\n<p>Vertreter verschiedener Projekte und Unternehmen, darunter auch Mitglieder des CB, diskutierten und schlugen eine kooperative Agenda vor, die es den verschiedenen Interessengruppen und Partnern erm\u00f6glichen wird, ihre Visionen zu integrieren und sie auf einen bestimmten Schwerpunkt auszurichten:&nbsp;<\/p>\n\n\n\n<p><em>Aktion, Kooperation, Partnerschaft, Finanzierung und Umsetzung von Kreislaufstrategien im Lebensmittelsektor in Berlin.&nbsp;<\/em><\/p>\n\n\n\n<p>Im Anschluss an die Ergebnisse des 26.02. integrierten die Teilnehmer verschiedene Perspektiven, um L\u00f6sungen f\u00fcr die Herausforderungen vorzuschlagen, mit denen die Lebensmittel-\/Gastronomieindustrie konfrontiert ist. Unter anderem;<\/p>\n\n\n\n<ul class=\"wp-block-list\"><li>Unsachgem\u00e4\u00dfe betriebliche Praktiken, die zu Lebensmittelverschwendung f\u00fchren,&nbsp;<\/li><li>Fehlen von Normen und Leitlinien zur F\u00f6rderung nachhaltiger Praktiken in K\u00fcchen,<\/li><li>Die Verbraucher verlangen nach regionalen Lebensmitteln, ohne den Zusammenhang von Logistik und Angebot zu verstehen,&nbsp;<\/li><li>Wachsende Nachfrage nach einheimischen Lebensmitteln bei geringem Angebot,<\/li><li>Unvorhersehbare Nachfrage, die folglich zu Lebensmittelverschwendung f\u00fchrt<\/li><\/ul>\n\n\n\n<p>Wir waren uns einig, dass die folgenden L\u00f6sungen praktikabel sind, um die durch Lebensmittelabf\u00e4lle verursachte Situation und die damit verbundenen Probleme zu bek\u00e4mpfen:<\/p>\n\n\n\n<ol class=\"wp-block-list\"><li>Eine Informationsplattform mit abfallfreien\/kreislauforientierten Leitlinien f\u00fcr K\u00f6che und Restaurants sowie ein Restaurantbewertungssystem auf der Grundlage von Kriterien f\u00fcr abfallfreies K\u00fcchenmanagement<\/li><li>Ein digitaler Marktplatz, der lokale Landwirte mit lokalen Einkaufsgemeinschaften zusammenbringt.<\/li><\/ol>\n\n\n\n<p><iframe loading=\"lazy\" style=\"border: 1px solid #CCC; border-width: 1px; margin-bottom: 5px; max-width: 100%;\" src=\"\/\/www.slideshare.net\/slideshow\/embed_code\/key\/MkOgUmYvtScsiA\" width=\"595\" height=\"485\" frameborder=\"0\" marginwidth=\"0\" marginheight=\"0\" scrolling=\"no\" allowfullscreen=\"allowfullscreen\"> <\/iframe><\/p>\n<div style=\"margin-bottom: 5px;\"><strong> <a title=\"Startschuss f\u00fcr Circular Food in Berlin\" href=\"\/\/www.slideshare.net\/DinaPadalkina\/kickstarting-circular-food-in-berlin\" target=\"_blank\" rel=\"noopener noreferrer\">Startschuss f\u00fcr Circular Food in Berlin<\/a> <\/strong> von <strong><a href=\"https:\/\/www.slideshare.net\/DinaPadalkina\" target=\"_blank\" rel=\"noopener noreferrer\">Dina Padalkina<\/a><\/strong><\/div>\n\n\n\n<p>Es gibt eine Menge zu tun. Die Bem\u00fchungen von CB, diese Art von kooperativen Ideen zu f\u00f6rdern, sind erst der Anfang eines m\u00fchsamen Prozesses. Es bleibt ungewiss, ob es gelingen wird, eine Arbeitsgruppe einzurichten, die festlegt, wie der Weg zu einer Stadt ohne Lebensmittelabf\u00e4lle aussehen soll.<\/p>\n\n\n\n<p>Wir sind offen f\u00fcr Diskussionen und Weiterentwicklungen. Wir erm\u00e4chtigen zum Handeln, das Reden ist getan. Wir haben M\u00f6glichkeiten entwickelt, die in die Berliner Agenda integriert werden k\u00f6nnten, um zu verhindern, dass Lebensmittelabf\u00e4lle und N\u00e4hrstoffe in der Kette verloren gehen. Dies ist auch eine Gelegenheit, die Kreislaufwirtschaft in der Gastronomie zu st\u00e4rken, einschlie\u00dflich Innovation und Unternehmertum.<\/p>\n\n\n\n<p>Circular Berlin verf\u00fcgt \u00fcber die Expertise, um tragf\u00e4hige und zirkul\u00e4re Ans\u00e4tze zum Thema Biomasse, Lebensmittel und Abfall zu liefern. F\u00f6rdermittel sind \u00fcber unseren Berliner Partner verf\u00fcgbar. Wir rufen jedoch zur Zusammenarbeit und zum Handeln auf. Es ist Teil unserer Mission, Partnerschaften mit vorausschauenden Organisationen einzugehen und die Kreislaufwirtschaft zu erm\u00f6glichen.&nbsp;<\/p>\n\n\n\n<p>Die M\u00f6glichkeit, diese Ideen voranzutreiben und weiterzuentwickeln, erfordert die Mitwirkung und das Engagement engagierter Partner, und die Dynamik, mit der die Arbeit in Angriff genommen wird, ist ideal.&nbsp;<\/p>\n\n\n\n<p>&nbsp;<\/p>","protected":false},"excerpt":{"rendered":"<p>2019 has been a year of a lot of movement in Berlin. For Circular Berlin (CB)&nbsp; this reality also applies. Different projects, workshops and initiatives have been developed during the year in order to promote and enhance the vision of circular economy among the entrepreneur community in our beloved city.&nbsp; On the 18th of July [&hellip;]<\/p>\n","protected":false},"author":15,"featured_media":0,"comment_status":"closed","ping_status":"closed","sticky":false,"template":"","format":"standard","meta":{"_acf_changed":false,"footnotes":""},"categories":[120],"tags":[138,147],"unit":[],"topic":[],"class_list":["post-4935","post","type-post","status-publish","format-standard","hentry","category-news","tag-events","tag-food"],"acf":[],"yoast_head":"<!-- This site is optimized with the Yoast SEO plugin v27.5 - https:\/\/yoast.com\/product\/yoast-seo-wordpress\/ -->\n<title>Kickstarting Circular Food in Berlin - Circular Berlin<\/title>\n<meta name=\"robots\" content=\"index, follow, max-snippet:-1, max-image-preview:large, max-video-preview:-1\" \/>\n<link rel=\"canonical\" href=\"https:\/\/circular.berlin\/de\/news\/kickstarting-circular-food-in-berlin\/\" \/>\n<meta property=\"og:locale\" content=\"de_DE\" \/>\n<meta property=\"og:type\" content=\"article\" \/>\n<meta property=\"og:title\" content=\"Kickstarting Circular Food in Berlin - Circular Berlin\" \/>\n<meta property=\"og:description\" content=\"2019 has been a year of a lot of movement in Berlin. For Circular Berlin (CB)&nbsp; this reality also applies. Different projects, workshops and initiatives have been developed during the year in order to promote and enhance the vision of circular economy among the entrepreneur community in our beloved city.&nbsp; On the 18th of July [&hellip;]\" \/>\n<meta property=\"og:url\" content=\"https:\/\/circular.berlin\/de\/news\/kickstarting-circular-food-in-berlin\/\" \/>\n<meta property=\"og:site_name\" content=\"Circular Berlin\" \/>\n<meta property=\"article:publisher\" content=\"https:\/\/www.facebook.com\/circularBerlin\" \/>\n<meta property=\"article:published_time\" content=\"2019-09-04T08:21:16+00:00\" \/>\n<meta property=\"article:modified_time\" content=\"2025-11-02T22:36:28+00:00\" \/>\n<meta property=\"og:image\" content=\"https:\/\/circular.berlin\/wp-content\/uploads\/2019\/09\/food-event-banner.png\" \/>\n\t<meta property=\"og:image:width\" content=\"1920\" \/>\n\t<meta property=\"og:image:height\" content=\"1080\" \/>\n\t<meta property=\"og:image:type\" content=\"image\/png\" \/>\n<meta name=\"author\" content=\"CB team\" \/>\n<meta name=\"twitter:card\" content=\"summary_large_image\" \/>\n<meta name=\"twitter:label1\" content=\"Verfasst von\" \/>\n\t<meta name=\"twitter:data1\" content=\"CB team\" \/>\n\t<meta name=\"twitter:label2\" content=\"Gesch\u00e4tzte Lesezeit\" \/>\n\t<meta name=\"twitter:data2\" content=\"2\u00a0Minuten\" \/>\n<script type=\"application\/ld+json\" class=\"yoast-schema-graph\">{\"@context\":\"https:\\\/\\\/schema.org\",\"@graph\":[{\"@type\":\"Article\",\"@id\":\"https:\\\/\\\/circular.berlin\\\/news\\\/kickstarting-circular-food-in-berlin\\\/#article\",\"isPartOf\":{\"@id\":\"https:\\\/\\\/circular.berlin\\\/news\\\/kickstarting-circular-food-in-berlin\\\/\"},\"author\":{\"name\":\"CB team\",\"@id\":\"https:\\\/\\\/circular.berlin\\\/#\\\/schema\\\/person\\\/52c7e81b23d86a0391760d9989951257\"},\"headline\":\"Kickstarting Circular Food in Berlin\",\"datePublished\":\"2019-09-04T08:21:16+00:00\",\"dateModified\":\"2025-11-02T22:36:28+00:00\",\"mainEntityOfPage\":{\"@id\":\"https:\\\/\\\/circular.berlin\\\/news\\\/kickstarting-circular-food-in-berlin\\\/\"},\"wordCount\":485,\"publisher\":{\"@id\":\"https:\\\/\\\/circular.berlin\\\/#organization\"},\"keywords\":[\"events\",\"food\"],\"articleSection\":[\"News\"],\"inLanguage\":\"de\"},{\"@type\":\"WebPage\",\"@id\":\"https:\\\/\\\/circular.berlin\\\/news\\\/kickstarting-circular-food-in-berlin\\\/\",\"url\":\"https:\\\/\\\/circular.berlin\\\/news\\\/kickstarting-circular-food-in-berlin\\\/\",\"name\":\"Kickstarting Circular Food in Berlin - Circular Berlin\",\"isPartOf\":{\"@id\":\"https:\\\/\\\/circular.berlin\\\/#website\"},\"datePublished\":\"2019-09-04T08:21:16+00:00\",\"dateModified\":\"2025-11-02T22:36:28+00:00\",\"breadcrumb\":{\"@id\":\"https:\\\/\\\/circular.berlin\\\/news\\\/kickstarting-circular-food-in-berlin\\\/#breadcrumb\"},\"inLanguage\":\"de\",\"potentialAction\":[{\"@type\":\"ReadAction\",\"target\":[\"https:\\\/\\\/circular.berlin\\\/news\\\/kickstarting-circular-food-in-berlin\\\/\"]}]},{\"@type\":\"BreadcrumbList\",\"@id\":\"https:\\\/\\\/circular.berlin\\\/news\\\/kickstarting-circular-food-in-berlin\\\/#breadcrumb\",\"itemListElement\":[{\"@type\":\"ListItem\",\"position\":1,\"name\":\"Home\",\"item\":\"https:\\\/\\\/circular.berlin\\\/\"},{\"@type\":\"ListItem\",\"position\":2,\"name\":\"Kickstarting Circular Food in Berlin\"}]},{\"@type\":\"WebSite\",\"@id\":\"https:\\\/\\\/circular.berlin\\\/#website\",\"url\":\"https:\\\/\\\/circular.berlin\\\/\",\"name\":\"Circular Berlin\",\"description\":\"Accelerating Berlin\u2019s transition towards a circular city.\",\"publisher\":{\"@id\":\"https:\\\/\\\/circular.berlin\\\/#organization\"},\"potentialAction\":[{\"@type\":\"SearchAction\",\"target\":{\"@type\":\"EntryPoint\",\"urlTemplate\":\"https:\\\/\\\/circular.berlin\\\/?s={search_term_string}\"},\"query-input\":{\"@type\":\"PropertyValueSpecification\",\"valueRequired\":true,\"valueName\":\"search_term_string\"}}],\"inLanguage\":\"de\"},{\"@type\":\"Organization\",\"@id\":\"https:\\\/\\\/circular.berlin\\\/#organization\",\"name\":\"Circular Berlin\",\"url\":\"https:\\\/\\\/circular.berlin\\\/\",\"logo\":{\"@type\":\"ImageObject\",\"inLanguage\":\"de\",\"@id\":\"https:\\\/\\\/circular.berlin\\\/#\\\/schema\\\/logo\\\/image\\\/\",\"url\":\"https:\\\/\\\/circular.berlin\\\/wp-content\\\/uploads\\\/2026\\\/02\\\/CB_Logo.svg\",\"contentUrl\":\"https:\\\/\\\/circular.berlin\\\/wp-content\\\/uploads\\\/2026\\\/02\\\/CB_Logo.svg\",\"width\":452,\"height\":58,\"caption\":\"Circular Berlin\"},\"image\":{\"@id\":\"https:\\\/\\\/circular.berlin\\\/#\\\/schema\\\/logo\\\/image\\\/\"},\"sameAs\":[\"https:\\\/\\\/www.facebook.com\\\/circularBerlin\"]},{\"@type\":\"Person\",\"@id\":\"https:\\\/\\\/circular.berlin\\\/#\\\/schema\\\/person\\\/52c7e81b23d86a0391760d9989951257\",\"name\":\"CB team\",\"url\":\"https:\\\/\\\/circular.berlin\\\/de\\\/author\\\/guest\\\/\"}]}<\/script>\n<!-- \/ Yoast SEO plugin. -->","yoast_head_json":{"title":"Kickstarting Circular Food in Berlin - Circular Berlin","robots":{"index":"index","follow":"follow","max-snippet":"max-snippet:-1","max-image-preview":"max-image-preview:large","max-video-preview":"max-video-preview:-1"},"canonical":"https:\/\/circular.berlin\/de\/news\/kickstarting-circular-food-in-berlin\/","og_locale":"de_DE","og_type":"article","og_title":"Kickstarting Circular Food in Berlin - Circular Berlin","og_description":"2019 has been a year of a lot of movement in Berlin. For Circular Berlin (CB)&nbsp; this reality also applies. Different projects, workshops and initiatives have been developed during the year in order to promote and enhance the vision of circular economy among the entrepreneur community in our beloved city.&nbsp; On the 18th of July [&hellip;]","og_url":"https:\/\/circular.berlin\/de\/news\/kickstarting-circular-food-in-berlin\/","og_site_name":"Circular Berlin","article_publisher":"https:\/\/www.facebook.com\/circularBerlin","article_published_time":"2019-09-04T08:21:16+00:00","article_modified_time":"2025-11-02T22:36:28+00:00","og_image":[{"width":1920,"height":1080,"url":"https:\/\/circular.berlin\/wp-content\/uploads\/2019\/09\/food-event-banner.png","type":"image\/png"}],"author":"CB team","twitter_card":"summary_large_image","twitter_misc":{"Verfasst von":"CB team","Gesch\u00e4tzte Lesezeit":"2\u00a0Minuten"},"schema":{"@context":"https:\/\/schema.org","@graph":[{"@type":"Article","@id":"https:\/\/circular.berlin\/news\/kickstarting-circular-food-in-berlin\/#article","isPartOf":{"@id":"https:\/\/circular.berlin\/news\/kickstarting-circular-food-in-berlin\/"},"author":{"name":"CB team","@id":"https:\/\/circular.berlin\/#\/schema\/person\/52c7e81b23d86a0391760d9989951257"},"headline":"Kickstarting Circular Food in Berlin","datePublished":"2019-09-04T08:21:16+00:00","dateModified":"2025-11-02T22:36:28+00:00","mainEntityOfPage":{"@id":"https:\/\/circular.berlin\/news\/kickstarting-circular-food-in-berlin\/"},"wordCount":485,"publisher":{"@id":"https:\/\/circular.berlin\/#organization"},"keywords":["events","food"],"articleSection":["News"],"inLanguage":"de"},{"@type":"WebPage","@id":"https:\/\/circular.berlin\/news\/kickstarting-circular-food-in-berlin\/","url":"https:\/\/circular.berlin\/news\/kickstarting-circular-food-in-berlin\/","name":"Kickstarting Circular Food in Berlin - Circular Berlin","isPartOf":{"@id":"https:\/\/circular.berlin\/#website"},"datePublished":"2019-09-04T08:21:16+00:00","dateModified":"2025-11-02T22:36:28+00:00","breadcrumb":{"@id":"https:\/\/circular.berlin\/news\/kickstarting-circular-food-in-berlin\/#breadcrumb"},"inLanguage":"de","potentialAction":[{"@type":"ReadAction","target":["https:\/\/circular.berlin\/news\/kickstarting-circular-food-in-berlin\/"]}]},{"@type":"BreadcrumbList","@id":"https:\/\/circular.berlin\/news\/kickstarting-circular-food-in-berlin\/#breadcrumb","itemListElement":[{"@type":"ListItem","position":1,"name":"Home","item":"https:\/\/circular.berlin\/"},{"@type":"ListItem","position":2,"name":"Kickstarting Circular Food in Berlin"}]},{"@type":"WebSite","@id":"https:\/\/circular.berlin\/#website","url":"https:\/\/circular.berlin\/","name":"Rundschreiben Berlin","description":"Beschleunigung des \u00dcbergangs Berlins zu einer kreisf\u00f6rmigen Stadt.","publisher":{"@id":"https:\/\/circular.berlin\/#organization"},"potentialAction":[{"@type":"SearchAction","target":{"@type":"EntryPoint","urlTemplate":"https:\/\/circular.berlin\/?s={search_term_string}"},"query-input":{"@type":"PropertyValueSpecification","valueRequired":true,"valueName":"search_term_string"}}],"inLanguage":"de"},{"@type":"Organization","@id":"https:\/\/circular.berlin\/#organization","name":"Rundschreiben Berlin","url":"https:\/\/circular.berlin\/","logo":{"@type":"ImageObject","inLanguage":"de","@id":"https:\/\/circular.berlin\/#\/schema\/logo\/image\/","url":"https:\/\/circular.berlin\/wp-content\/uploads\/2026\/02\/CB_Logo.svg","contentUrl":"https:\/\/circular.berlin\/wp-content\/uploads\/2026\/02\/CB_Logo.svg","width":452,"height":58,"caption":"Circular Berlin"},"image":{"@id":"https:\/\/circular.berlin\/#\/schema\/logo\/image\/"},"sameAs":["https:\/\/www.facebook.com\/circularBerlin"]},{"@type":"Person","@id":"https:\/\/circular.berlin\/#\/schema\/person\/52c7e81b23d86a0391760d9989951257","name":"CB-Team","url":"https:\/\/circular.berlin\/de\/author\/guest\/"}]}},"_links":{"self":[{"href":"https:\/\/circular.berlin\/de\/wp-json\/wp\/v2\/posts\/4935","targetHints":{"allow":["GET"]}}],"collection":[{"href":"https:\/\/circular.berlin\/de\/wp-json\/wp\/v2\/posts"}],"about":[{"href":"https:\/\/circular.berlin\/de\/wp-json\/wp\/v2\/types\/post"}],"author":[{"embeddable":true,"href":"https:\/\/circular.berlin\/de\/wp-json\/wp\/v2\/users\/15"}],"replies":[{"embeddable":true,"href":"https:\/\/circular.berlin\/de\/wp-json\/wp\/v2\/comments?post=4935"}],"version-history":[{"count":6,"href":"https:\/\/circular.berlin\/de\/wp-json\/wp\/v2\/posts\/4935\/revisions"}],"predecessor-version":[{"id":5013,"href":"https:\/\/circular.berlin\/de\/wp-json\/wp\/v2\/posts\/4935\/revisions\/5013"}],"wp:attachment":[{"href":"https:\/\/circular.berlin\/de\/wp-json\/wp\/v2\/media?parent=4935"}],"wp:term":[{"taxonomy":"category","embeddable":true,"href":"https:\/\/circular.berlin\/de\/wp-json\/wp\/v2\/categories?post=4935"},{"taxonomy":"post_tag","embeddable":true,"href":"https:\/\/circular.berlin\/de\/wp-json\/wp\/v2\/tags?post=4935"},{"taxonomy":"unit","embeddable":true,"href":"https:\/\/circular.berlin\/de\/wp-json\/wp\/v2\/unit?post=4935"},{"taxonomy":"topic","embeddable":true,"href":"https:\/\/circular.berlin\/de\/wp-json\/wp\/v2\/topic?post=4935"}],"curies":[{"name":"wp","href":"https:\/\/api.w.org\/{rel}","templated":true}]}}