{"id":5424,"date":"2019-12-19T13:53:35","date_gmt":"2019-12-19T11:53:35","guid":{"rendered":"http:\/\/circular.berlin\/?p=5424"},"modified":"2019-12-20T03:21:24","modified_gmt":"2019-12-20T01:21:24","slug":"circular-berlins-2019-in-a-nutshell","status":"publish","type":"post","link":"https:\/\/circular.berlin\/de\/news\/circular-berlins-2019-in-a-nutshell\/","title":{"rendered":"Das Jahr 2019 des Circular Berlin in K\u00fcrze"},"content":{"rendered":"<p>Seit Anfang 2019 hat sich viel getan - von der Gr\u00fcndung unserer Organisation \u00fcber die Vergr\u00f6\u00dferung unseres Teams bis hin zum Engagement in Industrie- und Kommunalprojekten. Nehmen Sie sich eine Tasse Kaffee und tauchen Sie ein in die kleinen Einblicke in unsere Aktivit\u00e4ten in diesem Jahr!<\/p>\n\n\n\n<h4 class=\"wp-block-heading\">Das zirkul\u00e4re Berlin zu einer echten Einheit entwickeln<\/h4>\n\n\n\n<figure class=\"wp-block-image\"><img loading=\"lazy\" decoding=\"async\" width=\"1024\" height=\"769\" src=\"http:\/\/circular.berlin\/wp-content\/uploads\/2019\/12\/IMG_2446-e1576801063459-1024x769.jpg\" alt=\"\" class=\"wp-image-5450\" srcset=\"https:\/\/circular.berlin\/wp-content\/uploads\/2019\/12\/IMG_2446-e1576801063459-1024x769.jpg 1024w, https:\/\/circular.berlin\/wp-content\/uploads\/2019\/12\/IMG_2446-e1576801063459-16x12.jpg 16w, https:\/\/circular.berlin\/wp-content\/uploads\/2019\/12\/IMG_2446-e1576801063459-300x225.jpg 300w, https:\/\/circular.berlin\/wp-content\/uploads\/2019\/12\/IMG_2446-e1576801063459-768x577.jpg 768w, https:\/\/circular.berlin\/wp-content\/uploads\/2019\/12\/IMG_2446-e1576801063459.jpg 1363w\" sizes=\"auto, (max-width: 1024px) 100vw, 1024px\" \/><\/figure>\n\n\n\n<p>Wir haben in diesem Jahr einen gro\u00dfen Schritt nach vorn gemacht und unsere Organisation aufgebaut, um unsere Aktivit\u00e4ten zu erweitern und zu professionalisieren. Wir haben <strong>sie als gemeinn\u00fctzigen Verein zu gr\u00fcnden<\/strong>, mit dem Namen \u201cCircular City - zirkul\u00e4re Stadt e.V.\u201d, mit Circular Berlin als erstem Projekt. Und wir haben eine tolle <strong>B\u00fcroalltag<\/strong> unter <a href=\"https:\/\/bpart.berlin\/de\/\">B-Teil am Gleisdreieck<\/a>, durch ein fantastisches Stipendium des Urban Ideation Lab.<\/p>\n\n\n\n<p>Wir <strong>eine Identit\u00e4t geschaffen<\/strong> f\u00fcr Circular Berlin, die unseren Geist widerspiegelt, und entwickelte eine <strong>neue Website<\/strong>, wodurch Informationen leichter gefunden, ausgetauscht und verbreitet werden k\u00f6nnen. Unser Team wuchs von haupts\u00e4chlich 2 Personen auf <strong>eine Gruppe von 12-14 Personen <\/strong>mit interdisziplin\u00e4rem Hintergrund: Forscher, ehemalige Berater, Designer und alles, was dazwischen liegt, was unsere Arbeit unglaublich interessant macht. Wir hatten auch vier Climate-KIC-Pioniere und Stipendiaten der Bosch Stiftung zu Gast, die uns bei unseren Aktivit\u00e4ten unterst\u00fctzen.<\/p>\n\n\n\n<h4 class=\"wp-block-heading\">F\u00f6rderung der Gemeinschaft<\/h4>\n\n\n\n<figure class=\"wp-block-image\"><img loading=\"lazy\" decoding=\"async\" width=\"1024\" height=\"576\" src=\"http:\/\/circular.berlin\/wp-content\/uploads\/2019\/12\/community_2-1024x576.jpg\" alt=\"\" class=\"wp-image-5432\" srcset=\"https:\/\/circular.berlin\/wp-content\/uploads\/2019\/12\/community_2-1024x576.jpg 1024w, https:\/\/circular.berlin\/wp-content\/uploads\/2019\/12\/community_2-18x10.jpg 18w, https:\/\/circular.berlin\/wp-content\/uploads\/2019\/12\/community_2-300x169.jpg 300w, https:\/\/circular.berlin\/wp-content\/uploads\/2019\/12\/community_2-768x432.jpg 768w, https:\/\/circular.berlin\/wp-content\/uploads\/2019\/12\/community_2.jpg 1200w\" sizes=\"auto, (max-width: 1024px) 100vw, 1024px\" \/><figcaption>Links - Meetup zum Thema Kreislaufwirtschaft; rechts - Berlins Kreislaufwirtschaftssystem<\/figcaption><\/figure>\n\n\n\n<p>Circular Berlin begann als ein Gemeinschaftstreffen f\u00fcr die Berliner Kreislaufwirtschaft. Diese Fachleute, Organisationen, Aktivisten, Studenten und Akademiker sind f\u00fcr die Umsetzung der Dinge und das Schlie\u00dfen von Stoffkreisl\u00e4ufen unerl\u00e4sslich. In diesem Jahr haben wir gelernt, dass ein pers\u00f6nliches Netzwerk genauso wichtig ist wie digitale Tools, die eine einfache Verbreitung von Informationen erm\u00f6glichen.<\/p>\n\n\n\n<p>Wir haben \u00fcber 500 Menschen w\u00e4hrend unserer <strong>10 Gemeinschaftsveranstaltungen und Workshops<\/strong> dieses Jahr. Die Themen reichten von der praktischen \u201c<a href=\"http:\/\/circular.berlin\/de\/community-event-on-tools-and-methods\/\">Werkzeuge und Methoden f\u00fcr die Kreislaufwirtschaft<\/a>\u201d und \u201c<a href=\"http:\/\/circular.berlin\/de\/co-create-the-2019-circular-economy-agenda-for-berlin\/\">Mitgestaltung der Gemeinschaftsagenda 2019 f\u00fcr die Kreislaufwirtschaft<\/a>\u201d und zum strategischeren \u201c<a href=\"http:\/\/circular.berlin\/de\/berlins-path-to-a-circular-city-time-to-start\/\">Berlins Weg zu einer kreisf\u00f6rmigen Stadt<\/a>\u201d. Dank der <a href=\"https:\/\/berlin.impacthub.net\/\">ImpactHUB<\/a>, <a href=\"https:\/\/www.citylab-berlin.org\/\">CityLAB<\/a>, <a href=\"https:\/\/bpart.berlin\/de\/\">B-Teil am Gleisdreieck <\/a>f\u00fcr die Partnerschaft und die Mitorganisation mit uns.<\/p>\n\n\n\n<p>Aber die digitale Welt ist ein wichtiger Teil unserer Arbeit. Da wir viele Anfragen zu Veranstaltungen \u00fcber die Kreislaufwirtschaft erhielten, haben wir eine<strong> <\/strong><a href=\"http:\/\/circular.berlin\/de\/calendar\/\"><strong>Community-Kalender<\/strong><\/a>, die offen ist, um jede kreisf\u00f6rmige Gemeinschaftsveranstaltung in Berlin hinzuzuf\u00fcgen und zu verbreiten, was hier passiert. Um den Berliner Kreislaufinitiativen mehr Sichtbarkeit zu verleihen, haben wir sie interaktiv gestaltet, so dass es Spa\u00df macht, sie zu durchst\u00f6bern <a href=\"http:\/\/circular.berlin\/de\/community\/\"><strong>Berlins kreisf\u00f6rmiges \u00d6kosystem<\/strong><\/a>, und umfasst nun \u00fcber 150 Organisationen. Dank unserer Freunde bei <a href=\"https:\/\/www.citylab-berlin.org\"><strong>CityLAB<\/strong><\/a> Berlin ist das \u00d6kosystem nun Teil der Dauerausstellung zu offenen Daten und Digitalisierung in Berlin.<\/p>\n\n\n\n<h4 class=\"wp-block-heading\">Entwicklung und Weitergabe von Wissen<\/h4>\n\n\n\n<figure class=\"wp-block-image\"><img loading=\"lazy\" decoding=\"async\" width=\"1024\" height=\"576\" src=\"http:\/\/circular.berlin\/wp-content\/uploads\/2019\/12\/construction-ecosystem-overview-1024x576.jpg\" alt=\"\" class=\"wp-image-5429\" srcset=\"https:\/\/circular.berlin\/wp-content\/uploads\/2019\/12\/construction-ecosystem-overview-1024x576.jpg 1024w, https:\/\/circular.berlin\/wp-content\/uploads\/2019\/12\/construction-ecosystem-overview-18x10.jpg 18w, https:\/\/circular.berlin\/wp-content\/uploads\/2019\/12\/construction-ecosystem-overview-300x169.jpg 300w, https:\/\/circular.berlin\/wp-content\/uploads\/2019\/12\/construction-ecosystem-overview-768x432.jpg 768w, https:\/\/circular.berlin\/wp-content\/uploads\/2019\/12\/construction-ecosystem-overview.jpg 1200w\" sizes=\"auto, (max-width: 1024px) 100vw, 1024px\" \/><figcaption>Definition des Kreislaufbaus - Teil unseres Forschungsprojekts zum Kreislaufbau.<\/figcaption><\/figure>\n\n\n\n<p>Ein Gro\u00dfteil des Wissens, das f\u00fcr den \u00dcbergang zu einer Kreislaufwirtschaft ben\u00f6tigt wird, muss noch entwickelt oder an die Besonderheiten Berlins angepasst werden. Wir haben Projekte zur Erforschung, Entwicklung und Umsetzung von L\u00f6sungen f\u00fcr unsere Kernthemen - die gebaute Umwelt, Materialien und Produkte, Lebensmittel und Biomasse sowie Textilien und Mode - ins Leben gerufen.<\/p>\n\n\n\n<p>Das Rundschreiben<strong> Gebaute Umwelt<\/strong> ist ein Thema, \u00fcber das nicht viel bekannt ist. Deshalb haben wir uns mit folgenden Partnern zusammengetan <a href=\"https:\/\/www.climate-kic.org\/\">EIT Klima-KIC<\/a> um im Rahmen eines 9-monatigen Projekts Hindernisse und Chancen f\u00fcr diesen Sektor in Berlin zu ermitteln. Wir haben auch eine Veranstaltung organisiert, bei der wir lokale Akteure zusammengebracht haben, um <a href=\"http:\/\/circular.berlin\/de\/learning-from-spaces-our-key-outcomes\/\">die Rolle der Nutzung bei Planung und Bau er\u00f6rtern<\/a>. Im Jahr 2020 werden wir auf diesen Aktivit\u00e4ten aufbauen und auf ein \u00d6kosystem von Akteuren hinarbeiten, mit dem Ziel, Wissen zu teilen, Partnerschaften zu schaffen und eine Nachfrage nach Kreislaufl\u00f6sungen zu erzeugen.<\/p>\n\n\n\n<p>Im Bereich der kreisf\u00f6rmigen <strong>Materialien und Produkte<\/strong>, haben wir uns an der Entwicklung des <a href=\"http:\/\/circular.berlin\/de\/presenting-berlins-pioneering-learning-center-for-resource-recovery-and-zero-waste-activities\/\">\u201cHaus der Materialisierung\u201d<\/a>. Es handelt sich um ein Lernzentrum f\u00fcr die R\u00fcckgewinnung von Ressourcen, in dem gebrauchte Materialien und Werkstattr\u00e4ume f\u00fcr Experimente zur Verf\u00fcgung gestellt werden, um die Wiederverwendung, Reparatur und Wiederherstellung zu erm\u00f6glichen und die Praktiken der Kreislaufwirtschaft zu verwirklichen. Der Raum wird im Jahr 2020 im ehemaligen Haus der Statistik am Alexanderplatz f\u00fcr die \u00d6ffentlichkeit zug\u00e4nglich gemacht. Im Jahr 2020 werden wir dort Bildungsworkshops mitorganisieren und das Unternehmen beim Aufbau seines digitalen Inventarsystems unterst\u00fctzen. Unsere Mitglieder waren auch an dem langj\u00e4hrigen Forschungsprojekt zu folgenden Themen beteiligt <strong>Vermeidung von Kunststoffverpackungsabf\u00e4llen<\/strong>, die von der TU Berlin koordiniert wurde. Wir werden gerne unsere Forschungsergebnisse im Jahr 2020 mit Ihnen teilen und Ihnen mehr \u00fcber die Barriere bei der Transformation dieses Sektors erz\u00e4hlen.<\/p>\n\n\n\n<p>Berlin hat eine starke Community, die sich mit dem Thema Kreislaufwirtschaft besch\u00e4ftigt <strong>Lebensmittel und Biomasse<\/strong> auf kreative Weise. Dieses Jahr haben wir 2 Workshops organisiert, die die <a href=\"http:\/\/circular.berlin\/de\/circular-economy-in-the-berlin-food-sector-workshop-results\/\">Hauptakteure, Herausforderungen<\/a> wie auch <a href=\"http:\/\/circular.berlin\/de\/kickstarting-circular-food-in-berlin\/\">M\u00f6glichkeiten<\/a> was diesen Bereich betrifft. Im n\u00e4chsten Jahr werden wir diesen Bereich verst\u00e4rken und uns mit anderen aktiven Gruppen in der Zero-Waste-Bewegung vernetzen.<\/p>\n\n\n\n<p>Als wichtiges Designzentrum ist der Berliner Kreislauf <strong>Mode und Textilien<\/strong> Szene ist nicht leicht zu erfassen. Wir haben einen Workshop zur Kartierung der <a href=\"http:\/\/circular.berlin\/de\/berlin-circular-fashion-our-approach-to-move-it-forward\/\">Hauptakteure, Herausforderungen und Chancen<\/a> f\u00fcr die Branche in Berlin. Im Jahr 2020 werden wir weiter daran arbeiten, die Zusammenarbeit mit der Berliner Modeszene zu st\u00e4rken, um sie zirkul\u00e4rer zu machen.<\/p>\n\n\n\n<p>Beim \u00dcbergang zu einer Kreislaufwirtschaft muss die Koordinierung von oben nach unten die Ma\u00dfnahmen von unten nach oben erg\u00e4nzen und f\u00f6rdern. Wir haben unser erstes Projekt mit dem Berliner Bezirk <strong>Gemeinde<\/strong>, Wir haben ein Zero-Waste-Konzept f\u00fcr den Bezirk Friedrichshain-Kreuzberg entwickelt. Wir haben den Status quo gemessen, nach Inspirationen in anderen St\u00e4dten auf der ganzen Welt gesucht und schlie\u00dflich eine Reihe von 37 konkreten Ma\u00dfnahmen entwickelt, die der Bezirk umsetzen kann. Der Bericht wird im Januar 2020 der \u00d6ffentlichkeit vorgestellt. N\u00e4chstes Jahr werden wir diesen Weg fortsetzen und die Entwicklung eines Fahrplans f\u00fcr Kreislaufwirtschaft auf Stadtebene anstreben.<\/p>\n\n\n\n<h4 class=\"wp-block-heading\">Die Kreislaufwirtschaft durch Bildung zug\u00e4nglich machen<\/h4>\n\n\n\n<figure class=\"wp-block-image\"><img loading=\"lazy\" decoding=\"async\" width=\"1024\" height=\"574\" src=\"http:\/\/circular.berlin\/wp-content\/uploads\/2019\/12\/Education_2-1024x574.jpg\" alt=\"\" class=\"wp-image-5433\" srcset=\"https:\/\/circular.berlin\/wp-content\/uploads\/2019\/12\/Education_2-1024x574.jpg 1024w, https:\/\/circular.berlin\/wp-content\/uploads\/2019\/12\/Education_2-18x10.jpg 18w, https:\/\/circular.berlin\/wp-content\/uploads\/2019\/12\/Education_2-300x168.jpg 300w, https:\/\/circular.berlin\/wp-content\/uploads\/2019\/12\/Education_2-768x431.jpg 768w, https:\/\/circular.berlin\/wp-content\/uploads\/2019\/12\/Education_2.jpg 1200w\" sizes=\"auto, (max-width: 1024px) 100vw, 1024px\" \/><figcaption>Kreislaufschulen (Kreislaufschule) <\/figcaption><\/figure>\n\n\n\n<p>W\u00e4hrend wir bei Circular Berlin Wissen entwickeln und sammeln, suchen wir auch nach M\u00f6glichkeiten, es mit anderen zu teilen. Die B\u00fcrger und F\u00fchrungskr\u00e4fte von morgen sind gerade in der Schule. Als Teil des Projekts \u201c<a href=\"http:\/\/circular.berlin\/de\/project-kreislaufschule-kicks-off\/\">Kreisf\u00f6rmige Schulen<\/a>\u201d(Kreislaufschule), zusammen mit unserem kreativen Partner von Mifactori haben wir ein einj\u00e4hriges Pilotprojekt gestartet <strong>Programm \u00fcber Kreislaufwirtschaft mit einer Grundschule<\/strong> in Berlin-Karlshorst.&nbsp;<\/p>\n\n\n\n<p>Wir haben eine Reihe von einf\u00fchrenden, vertiefenden und branchenspezifischen Workshops zur Kreislaufwirtschaft durchgef\u00fchrt. Wir haben hart an der Entwicklung einer Reihe von <strong>Schulungen<\/strong>, die wir im n\u00e4chsten Jahr der \u00d6ffentlichkeit zug\u00e4nglich machen werden.<\/p>\n\n\n\n<h2 class=\"wp-block-heading\">Anerkennung erhalten<\/h2>\n\n\n\n<figure class=\"wp-block-image\"><img loading=\"lazy\" decoding=\"async\" width=\"1024\" height=\"575\" src=\"http:\/\/circular.berlin\/wp-content\/uploads\/2019\/12\/Transformative-action-award-1024x575.jpg\" alt=\"\" class=\"wp-image-5430\" srcset=\"https:\/\/circular.berlin\/wp-content\/uploads\/2019\/12\/Transformative-action-award-1024x575.jpg 1024w, https:\/\/circular.berlin\/wp-content\/uploads\/2019\/12\/Transformative-action-award-18x10.jpg 18w, https:\/\/circular.berlin\/wp-content\/uploads\/2019\/12\/Transformative-action-award-300x169.jpg 300w, https:\/\/circular.berlin\/wp-content\/uploads\/2019\/12\/Transformative-action-award-768x431.jpg 768w, https:\/\/circular.berlin\/wp-content\/uploads\/2019\/12\/Transformative-action-award.jpg 1200w\" sizes=\"auto, (max-width: 1024px) 100vw, 1024px\" \/><figcaption>Circular Berlin beim Transformative Action Award<\/figcaption><\/figure>\n\n\n\n<p>Obwohl wir erst seit weniger als 2 Jahren aktiv sind, haben wir die folgenden Punkte als starke Indikatoren f\u00fcr die Relevanz unserer Arbeit betrachtet. <a href=\"http:\/\/circular.berlin\/de\/circular-berlin-is-selected-among-the-finalists-of-the-2019-transformative-action-award\/\">Finalist f\u00fcr den Transformative Action Award<\/a>, f\u00fcr die \u201cF\u00f6rderung der Kreislaufwirtschaft in der deutschen Hauptstadt durch die Bereitstellung von Plattformen f\u00fcr Engagement und Wissensaustausch und die Unterst\u00fctzung lokaler Akteure durch Zusammenarbeit\u201d. Mit dem Preis werden laufende oder abgeschlossene transformative Ma\u00dfnahmen gew\u00fcrdigt, die zur Umsetzung der Ziele f\u00fcr nachhaltige Entwicklung und des Pariser Klimaabkommens sowie zur Verwirklichung der soziokulturellen, sozio\u00f6konomischen und technologischen Transformation von Gesellschaften beitragen.&nbsp;<\/p>\n\n\n\n<p>Wir wurden eingeladen, auf Konferenzen zu sprechen, wie zum Beispiel <a href=\"http:\/\/circular.berlin\/de\/circular-berlin-at-the-3rd-plate-conference\/\">PLATE<\/a>, OCSE Days 2019, World Circular Economy Forum, EEB Conference 2019, Circular Economy Entrepreneurship Panel (Perth, Australien) und viele andere.<\/p>\n\n\n\n<h4 class=\"wp-block-heading\">Danksagung<\/h4>\n\n\n\n<p>Was f\u00fcr ein Jahr das war, nat\u00fcrlich gab es auch viele Tiefpunkte und Momente zum Lernen, aber wir freuen uns auf ein spannendes 2020.<\/p>\n\n\n\n<p>Wir danken unseren Hauptunterst\u00fctzern - B-PART, Climate-KIC, Impact HUB Berlin; und unseren Teammitgliedern - Nicolas, Phoebe, Alex, Dina, Georg, Paul, Laura, Natalie, Marina, Isabel, Leon, Arianna, Ian, Maria, Ronja, Marilu, Rie; und nat\u00fcrlich unserer unglaublichen Circular Berlin Community!<\/p>\n\n\n\n<p>Lassen Sie uns alle unsere Kr\u00e4fte b\u00fcndeln, um die Kreislaufwirtschaft bis 2020 voranzubringen!<\/p>","protected":false},"excerpt":{"rendered":"<p>Much has changed since the beginning of 2019 &#8211; from incorporating our organization and growing our team, to getting engaged in industry and municipal projects. Grab a cup of coffee and dive into the little insights of our activities this year! Developing Circular Berlin into a true entity We have made a big step forward [&hellip;]<\/p>\n","protected":false},"author":15,"featured_media":5441,"comment_status":"closed","ping_status":"closed","sticky":false,"template":"","format":"standard","meta":{"_acf_changed":false,"footnotes":""},"categories":[120],"tags":[],"unit":[],"topic":[],"class_list":["post-5424","post","type-post","status-publish","format-standard","has-post-thumbnail","hentry","category-news"],"acf":[],"yoast_head":"<!-- This site is optimized with the Yoast SEO plugin v27.4 - https:\/\/yoast.com\/product\/yoast-seo-wordpress\/ -->\n<title>Circular Berlin\u2019s 2019 in a nutshell - Circular Berlin<\/title>\n<meta name=\"robots\" content=\"index, follow, max-snippet:-1, max-image-preview:large, max-video-preview:-1\" \/>\n<link rel=\"canonical\" href=\"https:\/\/circular.berlin\/de\/news\/circular-berlins-2019-in-a-nutshell\/\" \/>\n<meta property=\"og:locale\" content=\"de_DE\" \/>\n<meta property=\"og:type\" content=\"article\" \/>\n<meta property=\"og:title\" content=\"Circular Berlin\u2019s 2019 in a nutshell - Circular Berlin\" \/>\n<meta property=\"og:description\" content=\"Much has changed since the beginning of 2019 &#8211; from incorporating our organization and growing our team, to getting engaged in industry and municipal projects. Grab a cup of coffee and dive into the little insights of our activities this year! Developing Circular Berlin into a true entity We have made a big step forward [&hellip;]\" \/>\n<meta property=\"og:url\" content=\"https:\/\/circular.berlin\/de\/news\/circular-berlins-2019-in-a-nutshell\/\" \/>\n<meta property=\"og:site_name\" content=\"Circular Berlin\" \/>\n<meta property=\"article:publisher\" content=\"https:\/\/www.facebook.com\/circularBerlin\" \/>\n<meta property=\"article:published_time\" content=\"2019-12-19T11:53:35+00:00\" \/>\n<meta property=\"article:modified_time\" content=\"2019-12-20T01:21:24+00:00\" \/>\n<meta property=\"og:image\" content=\"https:\/\/circular.berlin\/wp-content\/uploads\/2019\/12\/Wrapped-up-banner_3.jpg\" \/>\n\t<meta property=\"og:image:width\" content=\"1920\" \/>\n\t<meta property=\"og:image:height\" content=\"1080\" \/>\n\t<meta property=\"og:image:type\" content=\"image\/jpeg\" \/>\n<meta name=\"author\" content=\"CB team\" \/>\n<meta name=\"twitter:card\" content=\"summary_large_image\" \/>\n<meta name=\"twitter:label1\" content=\"Verfasst von\" \/>\n\t<meta name=\"twitter:data1\" content=\"CB team\" \/>\n\t<meta name=\"twitter:label2\" content=\"Gesch\u00e4tzte Lesezeit\" \/>\n\t<meta name=\"twitter:data2\" content=\"6\u00a0Minuten\" \/>\n<script type=\"application\/ld+json\" class=\"yoast-schema-graph\">{\"@context\":\"https:\\\/\\\/schema.org\",\"@graph\":[{\"@type\":\"Article\",\"@id\":\"https:\\\/\\\/circular.berlin\\\/news\\\/circular-berlins-2019-in-a-nutshell\\\/#article\",\"isPartOf\":{\"@id\":\"https:\\\/\\\/circular.berlin\\\/news\\\/circular-berlins-2019-in-a-nutshell\\\/\"},\"author\":{\"name\":\"CB team\",\"@id\":\"https:\\\/\\\/circular.berlin\\\/#\\\/schema\\\/person\\\/52c7e81b23d86a0391760d9989951257\"},\"headline\":\"Circular Berlin\u2019s 2019 in a nutshell\",\"datePublished\":\"2019-12-19T11:53:35+00:00\",\"dateModified\":\"2019-12-20T01:21:24+00:00\",\"mainEntityOfPage\":{\"@id\":\"https:\\\/\\\/circular.berlin\\\/news\\\/circular-berlins-2019-in-a-nutshell\\\/\"},\"wordCount\":1200,\"publisher\":{\"@id\":\"https:\\\/\\\/circular.berlin\\\/#organization\"},\"image\":{\"@id\":\"https:\\\/\\\/circular.berlin\\\/news\\\/circular-berlins-2019-in-a-nutshell\\\/#primaryimage\"},\"thumbnailUrl\":\"https:\\\/\\\/circular.berlin\\\/wp-content\\\/uploads\\\/2019\\\/12\\\/Wrapped-up-banner_3.jpg\",\"articleSection\":[\"News\"],\"inLanguage\":\"de\"},{\"@type\":\"WebPage\",\"@id\":\"https:\\\/\\\/circular.berlin\\\/news\\\/circular-berlins-2019-in-a-nutshell\\\/\",\"url\":\"https:\\\/\\\/circular.berlin\\\/news\\\/circular-berlins-2019-in-a-nutshell\\\/\",\"name\":\"Circular Berlin\u2019s 2019 in a nutshell - Circular Berlin\",\"isPartOf\":{\"@id\":\"https:\\\/\\\/circular.berlin\\\/#website\"},\"primaryImageOfPage\":{\"@id\":\"https:\\\/\\\/circular.berlin\\\/news\\\/circular-berlins-2019-in-a-nutshell\\\/#primaryimage\"},\"image\":{\"@id\":\"https:\\\/\\\/circular.berlin\\\/news\\\/circular-berlins-2019-in-a-nutshell\\\/#primaryimage\"},\"thumbnailUrl\":\"https:\\\/\\\/circular.berlin\\\/wp-content\\\/uploads\\\/2019\\\/12\\\/Wrapped-up-banner_3.jpg\",\"datePublished\":\"2019-12-19T11:53:35+00:00\",\"dateModified\":\"2019-12-20T01:21:24+00:00\",\"breadcrumb\":{\"@id\":\"https:\\\/\\\/circular.berlin\\\/news\\\/circular-berlins-2019-in-a-nutshell\\\/#breadcrumb\"},\"inLanguage\":\"de\",\"potentialAction\":[{\"@type\":\"ReadAction\",\"target\":[\"https:\\\/\\\/circular.berlin\\\/news\\\/circular-berlins-2019-in-a-nutshell\\\/\"]}]},{\"@type\":\"ImageObject\",\"inLanguage\":\"de\",\"@id\":\"https:\\\/\\\/circular.berlin\\\/news\\\/circular-berlins-2019-in-a-nutshell\\\/#primaryimage\",\"url\":\"https:\\\/\\\/circular.berlin\\\/wp-content\\\/uploads\\\/2019\\\/12\\\/Wrapped-up-banner_3.jpg\",\"contentUrl\":\"https:\\\/\\\/circular.berlin\\\/wp-content\\\/uploads\\\/2019\\\/12\\\/Wrapped-up-banner_3.jpg\",\"width\":1920,\"height\":1080},{\"@type\":\"BreadcrumbList\",\"@id\":\"https:\\\/\\\/circular.berlin\\\/news\\\/circular-berlins-2019-in-a-nutshell\\\/#breadcrumb\",\"itemListElement\":[{\"@type\":\"ListItem\",\"position\":1,\"name\":\"Home\",\"item\":\"https:\\\/\\\/circular.berlin\\\/\"},{\"@type\":\"ListItem\",\"position\":2,\"name\":\"Circular Berlin\u2019s 2019 in a nutshell\"}]},{\"@type\":\"WebSite\",\"@id\":\"https:\\\/\\\/circular.berlin\\\/#website\",\"url\":\"https:\\\/\\\/circular.berlin\\\/\",\"name\":\"Circular Berlin\",\"description\":\"Accelerating Berlin\u2019s transition towards a circular city.\",\"publisher\":{\"@id\":\"https:\\\/\\\/circular.berlin\\\/#organization\"},\"potentialAction\":[{\"@type\":\"SearchAction\",\"target\":{\"@type\":\"EntryPoint\",\"urlTemplate\":\"https:\\\/\\\/circular.berlin\\\/?s={search_term_string}\"},\"query-input\":{\"@type\":\"PropertyValueSpecification\",\"valueRequired\":true,\"valueName\":\"search_term_string\"}}],\"inLanguage\":\"de\"},{\"@type\":\"Organization\",\"@id\":\"https:\\\/\\\/circular.berlin\\\/#organization\",\"name\":\"Circular Berlin\",\"url\":\"https:\\\/\\\/circular.berlin\\\/\",\"logo\":{\"@type\":\"ImageObject\",\"inLanguage\":\"de\",\"@id\":\"https:\\\/\\\/circular.berlin\\\/#\\\/schema\\\/logo\\\/image\\\/\",\"url\":\"https:\\\/\\\/circular.berlin\\\/wp-content\\\/uploads\\\/2026\\\/02\\\/CB_Logo.svg\",\"contentUrl\":\"https:\\\/\\\/circular.berlin\\\/wp-content\\\/uploads\\\/2026\\\/02\\\/CB_Logo.svg\",\"width\":452,\"height\":58,\"caption\":\"Circular Berlin\"},\"image\":{\"@id\":\"https:\\\/\\\/circular.berlin\\\/#\\\/schema\\\/logo\\\/image\\\/\"},\"sameAs\":[\"https:\\\/\\\/www.facebook.com\\\/circularBerlin\"]},{\"@type\":\"Person\",\"@id\":\"https:\\\/\\\/circular.berlin\\\/#\\\/schema\\\/person\\\/52c7e81b23d86a0391760d9989951257\",\"name\":\"CB team\",\"url\":\"https:\\\/\\\/circular.berlin\\\/de\\\/author\\\/guest\\\/\"}]}<\/script>\n<!-- \/ Yoast SEO plugin. -->","yoast_head_json":{"title":"Circular Berlin\u2019s 2019 in a nutshell - Circular Berlin","robots":{"index":"index","follow":"follow","max-snippet":"max-snippet:-1","max-image-preview":"max-image-preview:large","max-video-preview":"max-video-preview:-1"},"canonical":"https:\/\/circular.berlin\/de\/news\/circular-berlins-2019-in-a-nutshell\/","og_locale":"de_DE","og_type":"article","og_title":"Circular Berlin\u2019s 2019 in a nutshell - Circular Berlin","og_description":"Much has changed since the beginning of 2019 &#8211; from incorporating our organization and growing our team, to getting engaged in industry and municipal projects. Grab a cup of coffee and dive into the little insights of our activities this year! Developing Circular Berlin into a true entity We have made a big step forward [&hellip;]","og_url":"https:\/\/circular.berlin\/de\/news\/circular-berlins-2019-in-a-nutshell\/","og_site_name":"Circular Berlin","article_publisher":"https:\/\/www.facebook.com\/circularBerlin","article_published_time":"2019-12-19T11:53:35+00:00","article_modified_time":"2019-12-20T01:21:24+00:00","og_image":[{"width":1920,"height":1080,"url":"https:\/\/circular.berlin\/wp-content\/uploads\/2019\/12\/Wrapped-up-banner_3.jpg","type":"image\/jpeg"}],"author":"CB team","twitter_card":"summary_large_image","twitter_misc":{"Verfasst von":"CB team","Gesch\u00e4tzte Lesezeit":"6\u00a0Minuten"},"schema":{"@context":"https:\/\/schema.org","@graph":[{"@type":"Article","@id":"https:\/\/circular.berlin\/news\/circular-berlins-2019-in-a-nutshell\/#article","isPartOf":{"@id":"https:\/\/circular.berlin\/news\/circular-berlins-2019-in-a-nutshell\/"},"author":{"name":"CB team","@id":"https:\/\/circular.berlin\/#\/schema\/person\/52c7e81b23d86a0391760d9989951257"},"headline":"Circular Berlin\u2019s 2019 in a nutshell","datePublished":"2019-12-19T11:53:35+00:00","dateModified":"2019-12-20T01:21:24+00:00","mainEntityOfPage":{"@id":"https:\/\/circular.berlin\/news\/circular-berlins-2019-in-a-nutshell\/"},"wordCount":1200,"publisher":{"@id":"https:\/\/circular.berlin\/#organization"},"image":{"@id":"https:\/\/circular.berlin\/news\/circular-berlins-2019-in-a-nutshell\/#primaryimage"},"thumbnailUrl":"https:\/\/circular.berlin\/wp-content\/uploads\/2019\/12\/Wrapped-up-banner_3.jpg","articleSection":["News"],"inLanguage":"de"},{"@type":"WebPage","@id":"https:\/\/circular.berlin\/news\/circular-berlins-2019-in-a-nutshell\/","url":"https:\/\/circular.berlin\/news\/circular-berlins-2019-in-a-nutshell\/","name":"Circular Berlin\u2019s 2019 in a nutshell - Circular Berlin","isPartOf":{"@id":"https:\/\/circular.berlin\/#website"},"primaryImageOfPage":{"@id":"https:\/\/circular.berlin\/news\/circular-berlins-2019-in-a-nutshell\/#primaryimage"},"image":{"@id":"https:\/\/circular.berlin\/news\/circular-berlins-2019-in-a-nutshell\/#primaryimage"},"thumbnailUrl":"https:\/\/circular.berlin\/wp-content\/uploads\/2019\/12\/Wrapped-up-banner_3.jpg","datePublished":"2019-12-19T11:53:35+00:00","dateModified":"2019-12-20T01:21:24+00:00","breadcrumb":{"@id":"https:\/\/circular.berlin\/news\/circular-berlins-2019-in-a-nutshell\/#breadcrumb"},"inLanguage":"de","potentialAction":[{"@type":"ReadAction","target":["https:\/\/circular.berlin\/news\/circular-berlins-2019-in-a-nutshell\/"]}]},{"@type":"ImageObject","inLanguage":"de","@id":"https:\/\/circular.berlin\/news\/circular-berlins-2019-in-a-nutshell\/#primaryimage","url":"https:\/\/circular.berlin\/wp-content\/uploads\/2019\/12\/Wrapped-up-banner_3.jpg","contentUrl":"https:\/\/circular.berlin\/wp-content\/uploads\/2019\/12\/Wrapped-up-banner_3.jpg","width":1920,"height":1080},{"@type":"BreadcrumbList","@id":"https:\/\/circular.berlin\/news\/circular-berlins-2019-in-a-nutshell\/#breadcrumb","itemListElement":[{"@type":"ListItem","position":1,"name":"Home","item":"https:\/\/circular.berlin\/"},{"@type":"ListItem","position":2,"name":"Circular Berlin\u2019s 2019 in a nutshell"}]},{"@type":"WebSite","@id":"https:\/\/circular.berlin\/#website","url":"https:\/\/circular.berlin\/","name":"Rundschreiben Berlin","description":"Beschleunigung des \u00dcbergangs Berlins zu einer kreisf\u00f6rmigen Stadt.","publisher":{"@id":"https:\/\/circular.berlin\/#organization"},"potentialAction":[{"@type":"SearchAction","target":{"@type":"EntryPoint","urlTemplate":"https:\/\/circular.berlin\/?s={search_term_string}"},"query-input":{"@type":"PropertyValueSpecification","valueRequired":true,"valueName":"search_term_string"}}],"inLanguage":"de"},{"@type":"Organization","@id":"https:\/\/circular.berlin\/#organization","name":"Rundschreiben Berlin","url":"https:\/\/circular.berlin\/","logo":{"@type":"ImageObject","inLanguage":"de","@id":"https:\/\/circular.berlin\/#\/schema\/logo\/image\/","url":"https:\/\/circular.berlin\/wp-content\/uploads\/2026\/02\/CB_Logo.svg","contentUrl":"https:\/\/circular.berlin\/wp-content\/uploads\/2026\/02\/CB_Logo.svg","width":452,"height":58,"caption":"Circular Berlin"},"image":{"@id":"https:\/\/circular.berlin\/#\/schema\/logo\/image\/"},"sameAs":["https:\/\/www.facebook.com\/circularBerlin"]},{"@type":"Person","@id":"https:\/\/circular.berlin\/#\/schema\/person\/52c7e81b23d86a0391760d9989951257","name":"CB-Team","url":"https:\/\/circular.berlin\/de\/author\/guest\/"}]}},"_links":{"self":[{"href":"https:\/\/circular.berlin\/de\/wp-json\/wp\/v2\/posts\/5424","targetHints":{"allow":["GET"]}}],"collection":[{"href":"https:\/\/circular.berlin\/de\/wp-json\/wp\/v2\/posts"}],"about":[{"href":"https:\/\/circular.berlin\/de\/wp-json\/wp\/v2\/types\/post"}],"author":[{"embeddable":true,"href":"https:\/\/circular.berlin\/de\/wp-json\/wp\/v2\/users\/15"}],"replies":[{"embeddable":true,"href":"https:\/\/circular.berlin\/de\/wp-json\/wp\/v2\/comments?post=5424"}],"version-history":[{"count":16,"href":"https:\/\/circular.berlin\/de\/wp-json\/wp\/v2\/posts\/5424\/revisions"}],"predecessor-version":[{"id":5461,"href":"https:\/\/circular.berlin\/de\/wp-json\/wp\/v2\/posts\/5424\/revisions\/5461"}],"wp:featuredmedia":[{"embeddable":true,"href":"https:\/\/circular.berlin\/de\/wp-json\/wp\/v2\/media\/5441"}],"wp:attachment":[{"href":"https:\/\/circular.berlin\/de\/wp-json\/wp\/v2\/media?parent=5424"}],"wp:term":[{"taxonomy":"category","embeddable":true,"href":"https:\/\/circular.berlin\/de\/wp-json\/wp\/v2\/categories?post=5424"},{"taxonomy":"post_tag","embeddable":true,"href":"https:\/\/circular.berlin\/de\/wp-json\/wp\/v2\/tags?post=5424"},{"taxonomy":"unit","embeddable":true,"href":"https:\/\/circular.berlin\/de\/wp-json\/wp\/v2\/unit?post=5424"},{"taxonomy":"topic","embeddable":true,"href":"https:\/\/circular.berlin\/de\/wp-json\/wp\/v2\/topic?post=5424"}],"curies":[{"name":"wp","href":"https:\/\/api.w.org\/{rel}","templated":true}]}}