{"id":7495,"date":"2020-12-16T08:30:00","date_gmt":"2020-12-16T06:30:00","guid":{"rendered":"https:\/\/circular.berlin\/?p=7495"},"modified":"2025-12-21T19:17:36","modified_gmt":"2025-12-21T17:17:36","slug":"circular-berlins-2020-in-a-nutshell","status":"publish","type":"post","link":"https:\/\/circular.berlin\/de\/news\/circular-berlins-2020-in-a-nutshell\/","title":{"rendered":"Das Jahr 2020 des Circular Berlin in K\u00fcrze"},"content":{"rendered":"<p>Was f\u00fcr ein Jahr!\u00a0<\/p>\n\n\n\n<p>2020 war au\u00dfergew\u00f6hnlich, anders, herausfordernd, lebensver\u00e4ndernd, flexibel und andere Adjektive, die man finden kann, um die ganze Situation zu beschreiben.  F\u00fcr uns von Circular Berlin war es keine Ausnahme. Wir mussten einen Weg finden, anders zu arbeiten, uns an die Situation anzupassen und unsere Motivation aufrechtzuerhalten.<\/p>\n\n\n\n<p>Wie jeder andere auch, haben wir Anfang des Jahres 2020 <a href=\"https:\/\/circular.berlin\/de\/planning-for-2020-sneak-peeks\/\">hatte gro\u00dfe Pl\u00e4ne f\u00fcr die Zukunft<\/a>. Die Zeit hat gezeigt, dass nicht alles nach Plan l\u00e4uft, aber das ist wahrscheinlich eines der spannendsten Dinge.\u00a0<\/p>\n\n\n\n<p>Schauen wir uns gemeinsam an, was die wichtigsten Highlights und Erkenntnisse von 2020 f\u00fcr Circular Berlin waren.<\/p>\n\n\n\n<h2 class=\"wp-block-heading\">Wuchs als Organisation<\/h2>\n\n\n\n<p>Das Jahr 2020 brachte uns alle in ein entferntes B\u00fcro. So sehr wir unseren Co-Working-Space im B-Part am Gleisdreieck auch genossen haben, im M\u00e4rz mussten wir ihn verlassen.\u00a0<\/p>\n\n\n\n<p>Viele H\u00f6hen und Tiefen, aber auf der positiven Seite sind wir als Team deutlich gewachsen und haben unsere Gemeinschaft erweitert. Wir:&nbsp;<\/p>\n\n\n\n<ul class=\"wp-block-list\"><li>begr\u00fc\u00dfte unsere neuen Leiter f\u00fcr den Bereich Lebensmittel und Biomasse (Laura Grotenrath) und den Bereich Textil und Mode (Arianna Nicoletti) sowie Leon Bucher (Bildung).&nbsp;<\/li><li>hat ein Team von 13 Personen zusammengestellt.<\/li><li>stellte unser <a href=\"https:\/\/circular.berlin\/de\/planning-for-2020-sneak-peeks\/\">Gemeinschaftsmitgliedschaft<\/a>, die eine Gemeinschaft von fast 50 interessierten Personen zum Austausch und zur Zusammenarbeit zum Thema Kreislaufwirtschaft in Berlin aufgebaut hat, wobei Paul Anca ein besonderer Dank f\u00fcr die gesamte Arbeit gilt.<\/li><\/ul>\n\n\n\n<p>Die Arbeit aus der Ferne als Team ist jedoch eine gro\u00dfe Herausforderung, auch wenn wir dies bereits in unserer Kultur verankert hatten. Der Geist, der Ideenaustausch und die kleinen Aktualisierungen m\u00fcssen beibehalten werden - das sind die Lektionen, die die Fernarbeit nicht ersetzen kann.<\/p>\n\n\n\n<p>Aber wir unterst\u00fctzen uns weiterhin gegenseitig mit kleinen Aktionen wie dem Online-Weihnachtskochen zusammen mit RestlosGl\u00fccklich e.V.<\/p>\n\n\n\n<h2 class=\"wp-block-heading\">Kreislaufwirtschaft, Lehren und Projekte<\/h2>\n\n\n\n<p>Trotz der Pandemie war dieses Jahr ein gro\u00dfer Schritt f\u00fcr die Kreislaufwirtschaft. Das Thema gewann an Fahrt und wurde auch f\u00fcr die politischen Entscheidungstr\u00e4ger relevanter.&nbsp;<\/p>\n\n\n\n<p>F\u00fcr uns, in unserem kleinen Berliner Mikrokosmos, gab es auch mehr Aufmerksamkeit und Interesse an ihr.&nbsp;<\/p>\n\n\n\n<p>Unser Bildungsteam veranstaltete mehrere Schulungen zu Werkzeugen der Kreislaufwirtschaft und Einf\u00fchrungen in die Themen, an denen insgesamt mehr als 150 Teilnehmer teilnahmen. Wir haben die <a href=\"https:\/\/circular.berlin\/de\/project-circular-school-celebrates-successful-completion\/\">Projekt Rundschule<\/a>, die geholfen haben\u00a0 <a href=\"https:\/\/www.krea-schulzentrum.de\/schulen\/grundschule-karlshorst\/\">Kreativit\u00e4tsgrundschule Karlshorst<\/a> um das erste \u201cCircular School Certificate\u201d zu erhalten. Au\u00dferdem organisierte das gesamte Team zum ersten Mal gemeinsam mit der TU Berlin eine Summer School zu Kreislaufwirtschaft und urbanem Prototyping.\u00a0<\/p>\n\n\n\n<p>Gemeinsam mit dem Bauteam haben wir unser gro\u00dfes Projekt f\u00fcr <a href=\"https:\/\/circular.berlin\/de\/ce-strategies-in-construction-projects\/\">City Loops, Fokussierung<\/a> \u00fcber die Praktiken der Kreislaufwirtschaft im Bauwesen. Sie brachte uns das Verst\u00e4ndnis f\u00fcr die weiteren Bed\u00fcrfnisse des Sektors n\u00e4her und legte die k\u00fcnftigen Schritte f\u00fcr seine Entwicklung fest.<\/p>\n\n\n\n<p>Obwohl die Pandemie eine gro\u00dfe Herausforderung f\u00fcr den Lebensmittelbereich in Berlin darstellte, arbeitete unser Team hart daran, die n\u00e4chsten Projekte zu entwickeln. Wir konnten einen Partner finden, der das erste Pilotprojekt f\u00fcr ein Hotel der Kreislaufwirtschaft vorbereitet. Wir arbeiten auch weiter an den Biomassestr\u00f6men f\u00fcr Berlin. Wir hoffen, dass wir im n\u00e4chsten Jahr die n\u00e4chsten Schritte sehen werden.<\/p>\n\n\n\n<p>Die Textil- und Modebranche hat ihre Entwicklung fortgesetzt, nachdem wir den 1. Preis f\u00fcr das Thema \u201cCircular Fashion beginnt lokal: Ein digitaler Guide f\u00fcr deine Kleidung\u201d von Re-Use Berlin. Unser Team arbeitet hart daran, einen weiteren Schritt zu machen, um dieses Projekt gemeinsam mit der Stadt Berlin zu realisieren.<\/p>\n\n\n\n<p>Im Bereich Produkte und Materialien haben wir unsere ganze Energie in das Projekt gesteckt. <a href=\"https:\/\/circular.berlin\/de\/berlins-new-lab-for-secondary-materials-haus-der-materialisierung\/\">Haus der Materialisierung<\/a>, haben wir entworfen und gebaut <a href=\"https:\/\/hausdermaterialisierung.org\/\">hausdermateriaisierung.org<\/a>, der offiziellen Website des Projekts. Au\u00dferdem entwickeln wir ein Open-Source-Inventarisierungstool f\u00fcr Material Mafia. Ein weiterer Durchbruch war die Entwicklung der DIN SPEC 91436 zusammen mit anderen Partnern, um Zero Waste-Praktiken f\u00fcr Abfallmanagementsysteme zu etablieren.<\/p>\n\n\n\n<p>Wir sind stolz darauf, dass wir trotz der Herausforderungen des Jahres die M\u00f6glichkeit hatten, unsere Arbeit voranzutreiben und unseren Beitrag zum Verst\u00e4ndnis der Kreislaufwirtschaft zu leisten.\u00a0<\/p>\n\n\n\n<h2 class=\"wp-block-heading\">Neue Kollaborationen&nbsp;<\/h2>\n\n\n\n<p>Wir sollten auch nicht all die gro\u00dfartigen Projekte und Organisationen vergessen, die sich uns bei den verschiedenen Veranstaltungen angeschlossen haben, die wir dieses Jahr durchgef\u00fchrt haben. Gemeinsam haben wir sechs Veranstaltungen zu den Themen Kreislaufmode, Bildung, Kreislaufviertel und Arbeitspl\u00e4tze, Lebensmittelsysteme und die Rolle von Kunststoffen durchgef\u00fchrt. Wir m\u00f6chten uns bei mehr als 300 Menschen bedanken, die sich uns angeschlossen, ihre Sichtweise eingebracht und hoffentlich Anregungen f\u00fcr ihre Arbeit mitgenommen haben.<\/p>\n\n\n\n<p><a href=\"https:\/\/circular.berlin\/de\/community\/\">Unser Berliner \u00d6kosystem<\/a> von Initiativen und Projekten, sowie deutlich gewachsen, wo mehr als 30 Organisationen sich hinzugef\u00fcgt. Wir bleiben jedes Mal sehr positiv, wenn wir sehen, wie viele inspirierende Projekte rund um Berlin, wir auch lernen konnten.\u00a0<\/p>\n\n\n\n<p>Au\u00dferdem ist es gro\u00dfartig zu wissen, dass unsere Arbeit eine Inspiration f\u00fcr andere Standorte wie M\u00fcnchen und Z\u00fcrich bleibt, w\u00e4hrend wir Anfragen erhalten, unsere lokalen Geschichten und Erkenntnisse zu teilen.<\/p>\n\n\n\n<p>Viele dankbare Worte, aber so sehen wir das vergangene Jahr 2020 immer noch.\u00a0<\/p>\n\n\n\n<p>Und ein letztes, ganz besonderes DANKE geht an die ganze Gemeinschaft unserer Freiwilligen, die uns in diesem Jahr begleitet haben:&nbsp;<\/p>\n\n\n\n<p>Arne Grotenrath, Julius Schaeufele, Doris Knickmeyer, Jessamy Hardie, Marina Petrova, Olivia Rusiczky, Phoebe Blackburn, Ronja Scholz, Sarah Lee, Sofia Elisabeth Ratzinger, Tanya Kuzmina, Julia Roth, Natalie Betts Betts, Arin Moyer, Eike Lucas, Tobias J\u00e4neck, Georg Hubmann, Marilu Valente, Paul Anca, Laura Grotenrath, Leon Bucher, Arianna Nicoletti und Dina Padalkina.\u00a0<\/p>\n\n\n\n<p>Wenn Sie uns ein kleines Weihnachtsgeschenk machen wollen, w\u00e4ren wir Ihnen sehr dankbar f\u00fcr Ihre Antwort an <a href=\"https:\/\/forms.gle\/mNANJPfY2UGijx2b6\">unsere Umfrage<\/a> und<a href=\"https:\/\/circular.berlin\/de\/support-us\/\"> Ihre Unterst\u00fctzung f\u00fcr unsere ehrenamtliche Arbeit<\/a>.<\/p>\n\n\n\n<p>Circular Berlin w\u00fcnscht Ihnen eine sichere und frohe Weihnachtszeit und einen guten Start ins Jahr 2021.<\/p>\n\n\n\n<figure class=\"wp-block-image size-large\"><img decoding=\"async\" src=\"https:\/\/circular.berlin\/wp-content\/uploads\/2020\/12\/Online-Kitchen-Christmas-Circular-2020-12-04-202628-1024x591.png\" alt=\"\" class=\"wp-image-7499\"\/><\/figure>","protected":false},"excerpt":{"rendered":"<p>What a year!\u00a0 2020 was extraordinary, different, challenging, life-changing, flexible, and other adjectives you can find to describe the whole situation.\u00a0 For us, in Circular Berlin, it was not an exception. We had to find our way to work differently, to adjust to the situation, and to keep on with motivation. Like everyone, at the [&hellip;]<\/p>\n","protected":false},"author":1,"featured_media":7496,"comment_status":"closed","ping_status":"closed","sticky":false,"template":"","format":"standard","meta":{"_acf_changed":false,"footnotes":""},"categories":[120],"tags":[46],"unit":[],"topic":[],"class_list":["post-7495","post","type-post","status-publish","format-standard","has-post-thumbnail","hentry","category-news","tag-news"],"acf":[],"yoast_head":"<!-- This site is optimized with the Yoast SEO plugin v27.5 - https:\/\/yoast.com\/product\/yoast-seo-wordpress\/ -->\n<title>Circular Berlin\u2019s 2020 in a nutshell - Circular Berlin<\/title>\n<meta name=\"robots\" content=\"index, follow, max-snippet:-1, max-image-preview:large, max-video-preview:-1\" \/>\n<link rel=\"canonical\" href=\"https:\/\/circular.berlin\/de\/news\/circular-berlins-2020-in-a-nutshell\/\" \/>\n<meta property=\"og:locale\" content=\"de_DE\" \/>\n<meta property=\"og:type\" content=\"article\" \/>\n<meta property=\"og:title\" content=\"Circular Berlin\u2019s 2020 in a nutshell - Circular Berlin\" \/>\n<meta property=\"og:description\" content=\"What a year!\u00a0 2020 was extraordinary, different, challenging, life-changing, flexible, and other adjectives you can find to describe the whole situation.\u00a0 For us, in Circular Berlin, it was not an exception. We had to find our way to work differently, to adjust to the situation, and to keep on with motivation. Like everyone, at the [&hellip;]\" \/>\n<meta property=\"og:url\" content=\"https:\/\/circular.berlin\/de\/news\/circular-berlins-2020-in-a-nutshell\/\" \/>\n<meta property=\"og:site_name\" content=\"Circular Berlin\" \/>\n<meta property=\"article:publisher\" content=\"https:\/\/www.facebook.com\/circularBerlin\" \/>\n<meta property=\"article:published_time\" content=\"2020-12-16T06:30:00+00:00\" \/>\n<meta property=\"article:modified_time\" content=\"2025-12-21T17:17:36+00:00\" \/>\n<meta property=\"og:image\" content=\"https:\/\/circular.berlin\/wp-content\/uploads\/2020\/12\/Wrapped-up-2020.png\" \/>\n\t<meta property=\"og:image:width\" content=\"1920\" \/>\n\t<meta property=\"og:image:height\" content=\"1080\" \/>\n\t<meta property=\"og:image:type\" content=\"image\/png\" \/>\n<meta name=\"author\" content=\"Dina Padalkina\" \/>\n<meta name=\"twitter:card\" content=\"summary_large_image\" \/>\n<meta name=\"twitter:label1\" content=\"Verfasst von\" \/>\n\t<meta name=\"twitter:data1\" content=\"Dina Padalkina\" \/>\n\t<meta name=\"twitter:label2\" content=\"Gesch\u00e4tzte Lesezeit\" \/>\n\t<meta name=\"twitter:data2\" content=\"5\u00a0Minuten\" \/>\n<script type=\"application\/ld+json\" class=\"yoast-schema-graph\">{\"@context\":\"https:\\\/\\\/schema.org\",\"@graph\":[{\"@type\":\"Article\",\"@id\":\"https:\\\/\\\/circular.berlin\\\/news\\\/circular-berlins-2020-in-a-nutshell\\\/#article\",\"isPartOf\":{\"@id\":\"https:\\\/\\\/circular.berlin\\\/news\\\/circular-berlins-2020-in-a-nutshell\\\/\"},\"author\":{\"name\":\"Dina Padalkina\",\"@id\":\"https:\\\/\\\/circular.berlin\\\/#\\\/schema\\\/person\\\/4862ab2317155471f7bb0ebaeaeb4440\"},\"headline\":\"Circular Berlin\u2019s 2020 in a nutshell\",\"datePublished\":\"2020-12-16T06:30:00+00:00\",\"dateModified\":\"2025-12-21T17:17:36+00:00\",\"mainEntityOfPage\":{\"@id\":\"https:\\\/\\\/circular.berlin\\\/news\\\/circular-berlins-2020-in-a-nutshell\\\/\"},\"wordCount\":908,\"publisher\":{\"@id\":\"https:\\\/\\\/circular.berlin\\\/#organization\"},\"image\":{\"@id\":\"https:\\\/\\\/circular.berlin\\\/news\\\/circular-berlins-2020-in-a-nutshell\\\/#primaryimage\"},\"thumbnailUrl\":\"https:\\\/\\\/circular.berlin\\\/wp-content\\\/uploads\\\/2020\\\/12\\\/Wrapped-up-2020.png\",\"keywords\":[\"News\"],\"articleSection\":[\"News\"],\"inLanguage\":\"de\"},{\"@type\":\"WebPage\",\"@id\":\"https:\\\/\\\/circular.berlin\\\/news\\\/circular-berlins-2020-in-a-nutshell\\\/\",\"url\":\"https:\\\/\\\/circular.berlin\\\/news\\\/circular-berlins-2020-in-a-nutshell\\\/\",\"name\":\"Circular Berlin\u2019s 2020 in a nutshell - Circular Berlin\",\"isPartOf\":{\"@id\":\"https:\\\/\\\/circular.berlin\\\/#website\"},\"primaryImageOfPage\":{\"@id\":\"https:\\\/\\\/circular.berlin\\\/news\\\/circular-berlins-2020-in-a-nutshell\\\/#primaryimage\"},\"image\":{\"@id\":\"https:\\\/\\\/circular.berlin\\\/news\\\/circular-berlins-2020-in-a-nutshell\\\/#primaryimage\"},\"thumbnailUrl\":\"https:\\\/\\\/circular.berlin\\\/wp-content\\\/uploads\\\/2020\\\/12\\\/Wrapped-up-2020.png\",\"datePublished\":\"2020-12-16T06:30:00+00:00\",\"dateModified\":\"2025-12-21T17:17:36+00:00\",\"breadcrumb\":{\"@id\":\"https:\\\/\\\/circular.berlin\\\/news\\\/circular-berlins-2020-in-a-nutshell\\\/#breadcrumb\"},\"inLanguage\":\"de\",\"potentialAction\":[{\"@type\":\"ReadAction\",\"target\":[\"https:\\\/\\\/circular.berlin\\\/news\\\/circular-berlins-2020-in-a-nutshell\\\/\"]}]},{\"@type\":\"ImageObject\",\"inLanguage\":\"de\",\"@id\":\"https:\\\/\\\/circular.berlin\\\/news\\\/circular-berlins-2020-in-a-nutshell\\\/#primaryimage\",\"url\":\"https:\\\/\\\/circular.berlin\\\/wp-content\\\/uploads\\\/2020\\\/12\\\/Wrapped-up-2020.png\",\"contentUrl\":\"https:\\\/\\\/circular.berlin\\\/wp-content\\\/uploads\\\/2020\\\/12\\\/Wrapped-up-2020.png\",\"width\":1920,\"height\":1080},{\"@type\":\"BreadcrumbList\",\"@id\":\"https:\\\/\\\/circular.berlin\\\/news\\\/circular-berlins-2020-in-a-nutshell\\\/#breadcrumb\",\"itemListElement\":[{\"@type\":\"ListItem\",\"position\":1,\"name\":\"Home\",\"item\":\"https:\\\/\\\/circular.berlin\\\/\"},{\"@type\":\"ListItem\",\"position\":2,\"name\":\"Circular Berlin\u2019s 2020 in a nutshell\"}]},{\"@type\":\"WebSite\",\"@id\":\"https:\\\/\\\/circular.berlin\\\/#website\",\"url\":\"https:\\\/\\\/circular.berlin\\\/\",\"name\":\"Circular Berlin\",\"description\":\"Accelerating Berlin\u2019s transition towards a circular city.\",\"publisher\":{\"@id\":\"https:\\\/\\\/circular.berlin\\\/#organization\"},\"potentialAction\":[{\"@type\":\"SearchAction\",\"target\":{\"@type\":\"EntryPoint\",\"urlTemplate\":\"https:\\\/\\\/circular.berlin\\\/?s={search_term_string}\"},\"query-input\":{\"@type\":\"PropertyValueSpecification\",\"valueRequired\":true,\"valueName\":\"search_term_string\"}}],\"inLanguage\":\"de\"},{\"@type\":\"Organization\",\"@id\":\"https:\\\/\\\/circular.berlin\\\/#organization\",\"name\":\"Circular Berlin\",\"url\":\"https:\\\/\\\/circular.berlin\\\/\",\"logo\":{\"@type\":\"ImageObject\",\"inLanguage\":\"de\",\"@id\":\"https:\\\/\\\/circular.berlin\\\/#\\\/schema\\\/logo\\\/image\\\/\",\"url\":\"https:\\\/\\\/circular.berlin\\\/wp-content\\\/uploads\\\/2026\\\/02\\\/CB_Logo.svg\",\"contentUrl\":\"https:\\\/\\\/circular.berlin\\\/wp-content\\\/uploads\\\/2026\\\/02\\\/CB_Logo.svg\",\"width\":452,\"height\":58,\"caption\":\"Circular Berlin\"},\"image\":{\"@id\":\"https:\\\/\\\/circular.berlin\\\/#\\\/schema\\\/logo\\\/image\\\/\"},\"sameAs\":[\"https:\\\/\\\/www.facebook.com\\\/circularBerlin\"]},{\"@type\":\"Person\",\"@id\":\"https:\\\/\\\/circular.berlin\\\/#\\\/schema\\\/person\\\/4862ab2317155471f7bb0ebaeaeb4440\",\"name\":\"Dina Padalkina\",\"url\":\"https:\\\/\\\/circular.berlin\\\/de\\\/author\\\/dpadalkina\\\/\"}]}<\/script>\n<!-- \/ Yoast SEO plugin. -->","yoast_head_json":{"title":"Circular Berlin 2020 in einer Nussschale - Circular Berlin","robots":{"index":"index","follow":"follow","max-snippet":"max-snippet:-1","max-image-preview":"max-image-preview:large","max-video-preview":"max-video-preview:-1"},"canonical":"https:\/\/circular.berlin\/de\/news\/circular-berlins-2020-in-a-nutshell\/","og_locale":"de_DE","og_type":"article","og_title":"Circular Berlin\u2019s 2020 in a nutshell - Circular Berlin","og_description":"What a year!\u00a0 2020 was extraordinary, different, challenging, life-changing, flexible, and other adjectives you can find to describe the whole situation.\u00a0 For us, in Circular Berlin, it was not an exception. We had to find our way to work differently, to adjust to the situation, and to keep on with motivation. Like everyone, at the [&hellip;]","og_url":"https:\/\/circular.berlin\/de\/news\/circular-berlins-2020-in-a-nutshell\/","og_site_name":"Circular Berlin","article_publisher":"https:\/\/www.facebook.com\/circularBerlin","article_published_time":"2020-12-16T06:30:00+00:00","article_modified_time":"2025-12-21T17:17:36+00:00","og_image":[{"width":1920,"height":1080,"url":"https:\/\/circular.berlin\/wp-content\/uploads\/2020\/12\/Wrapped-up-2020.png","type":"image\/png"}],"author":"Dina Padalkina","twitter_card":"summary_large_image","twitter_misc":{"Verfasst von":"Dina Padalkina","Gesch\u00e4tzte Lesezeit":"5\u00a0Minuten"},"schema":{"@context":"https:\/\/schema.org","@graph":[{"@type":"Article","@id":"https:\/\/circular.berlin\/news\/circular-berlins-2020-in-a-nutshell\/#article","isPartOf":{"@id":"https:\/\/circular.berlin\/news\/circular-berlins-2020-in-a-nutshell\/"},"author":{"name":"Dina Padalkina","@id":"https:\/\/circular.berlin\/#\/schema\/person\/4862ab2317155471f7bb0ebaeaeb4440"},"headline":"Circular Berlin\u2019s 2020 in a nutshell","datePublished":"2020-12-16T06:30:00+00:00","dateModified":"2025-12-21T17:17:36+00:00","mainEntityOfPage":{"@id":"https:\/\/circular.berlin\/news\/circular-berlins-2020-in-a-nutshell\/"},"wordCount":908,"publisher":{"@id":"https:\/\/circular.berlin\/#organization"},"image":{"@id":"https:\/\/circular.berlin\/news\/circular-berlins-2020-in-a-nutshell\/#primaryimage"},"thumbnailUrl":"https:\/\/circular.berlin\/wp-content\/uploads\/2020\/12\/Wrapped-up-2020.png","keywords":["News"],"articleSection":["News"],"inLanguage":"de"},{"@type":"WebPage","@id":"https:\/\/circular.berlin\/news\/circular-berlins-2020-in-a-nutshell\/","url":"https:\/\/circular.berlin\/news\/circular-berlins-2020-in-a-nutshell\/","name":"Circular Berlin 2020 in einer Nussschale - Circular Berlin","isPartOf":{"@id":"https:\/\/circular.berlin\/#website"},"primaryImageOfPage":{"@id":"https:\/\/circular.berlin\/news\/circular-berlins-2020-in-a-nutshell\/#primaryimage"},"image":{"@id":"https:\/\/circular.berlin\/news\/circular-berlins-2020-in-a-nutshell\/#primaryimage"},"thumbnailUrl":"https:\/\/circular.berlin\/wp-content\/uploads\/2020\/12\/Wrapped-up-2020.png","datePublished":"2020-12-16T06:30:00+00:00","dateModified":"2025-12-21T17:17:36+00:00","breadcrumb":{"@id":"https:\/\/circular.berlin\/news\/circular-berlins-2020-in-a-nutshell\/#breadcrumb"},"inLanguage":"de","potentialAction":[{"@type":"ReadAction","target":["https:\/\/circular.berlin\/news\/circular-berlins-2020-in-a-nutshell\/"]}]},{"@type":"ImageObject","inLanguage":"de","@id":"https:\/\/circular.berlin\/news\/circular-berlins-2020-in-a-nutshell\/#primaryimage","url":"https:\/\/circular.berlin\/wp-content\/uploads\/2020\/12\/Wrapped-up-2020.png","contentUrl":"https:\/\/circular.berlin\/wp-content\/uploads\/2020\/12\/Wrapped-up-2020.png","width":1920,"height":1080},{"@type":"BreadcrumbList","@id":"https:\/\/circular.berlin\/news\/circular-berlins-2020-in-a-nutshell\/#breadcrumb","itemListElement":[{"@type":"ListItem","position":1,"name":"Home","item":"https:\/\/circular.berlin\/"},{"@type":"ListItem","position":2,"name":"Circular Berlin\u2019s 2020 in a nutshell"}]},{"@type":"WebSite","@id":"https:\/\/circular.berlin\/#website","url":"https:\/\/circular.berlin\/","name":"Rundschreiben Berlin","description":"Beschleunigung des \u00dcbergangs Berlins zu einer kreisf\u00f6rmigen Stadt.","publisher":{"@id":"https:\/\/circular.berlin\/#organization"},"potentialAction":[{"@type":"SearchAction","target":{"@type":"EntryPoint","urlTemplate":"https:\/\/circular.berlin\/?s={search_term_string}"},"query-input":{"@type":"PropertyValueSpecification","valueRequired":true,"valueName":"search_term_string"}}],"inLanguage":"de"},{"@type":"Organization","@id":"https:\/\/circular.berlin\/#organization","name":"Rundschreiben Berlin","url":"https:\/\/circular.berlin\/","logo":{"@type":"ImageObject","inLanguage":"de","@id":"https:\/\/circular.berlin\/#\/schema\/logo\/image\/","url":"https:\/\/circular.berlin\/wp-content\/uploads\/2026\/02\/CB_Logo.svg","contentUrl":"https:\/\/circular.berlin\/wp-content\/uploads\/2026\/02\/CB_Logo.svg","width":452,"height":58,"caption":"Circular Berlin"},"image":{"@id":"https:\/\/circular.berlin\/#\/schema\/logo\/image\/"},"sameAs":["https:\/\/www.facebook.com\/circularBerlin"]},{"@type":"Person","@id":"https:\/\/circular.berlin\/#\/schema\/person\/4862ab2317155471f7bb0ebaeaeb4440","name":"Dina Padalkina","url":"https:\/\/circular.berlin\/de\/author\/dpadalkina\/"}]}},"_links":{"self":[{"href":"https:\/\/circular.berlin\/de\/wp-json\/wp\/v2\/posts\/7495","targetHints":{"allow":["GET"]}}],"collection":[{"href":"https:\/\/circular.berlin\/de\/wp-json\/wp\/v2\/posts"}],"about":[{"href":"https:\/\/circular.berlin\/de\/wp-json\/wp\/v2\/types\/post"}],"author":[{"embeddable":true,"href":"https:\/\/circular.berlin\/de\/wp-json\/wp\/v2\/users\/1"}],"replies":[{"embeddable":true,"href":"https:\/\/circular.berlin\/de\/wp-json\/wp\/v2\/comments?post=7495"}],"version-history":[{"count":2,"href":"https:\/\/circular.berlin\/de\/wp-json\/wp\/v2\/posts\/7495\/revisions"}],"predecessor-version":[{"id":7501,"href":"https:\/\/circular.berlin\/de\/wp-json\/wp\/v2\/posts\/7495\/revisions\/7501"}],"wp:featuredmedia":[{"embeddable":true,"href":"https:\/\/circular.berlin\/de\/wp-json\/wp\/v2\/media\/7496"}],"wp:attachment":[{"href":"https:\/\/circular.berlin\/de\/wp-json\/wp\/v2\/media?parent=7495"}],"wp:term":[{"taxonomy":"category","embeddable":true,"href":"https:\/\/circular.berlin\/de\/wp-json\/wp\/v2\/categories?post=7495"},{"taxonomy":"post_tag","embeddable":true,"href":"https:\/\/circular.berlin\/de\/wp-json\/wp\/v2\/tags?post=7495"},{"taxonomy":"unit","embeddable":true,"href":"https:\/\/circular.berlin\/de\/wp-json\/wp\/v2\/unit?post=7495"},{"taxonomy":"topic","embeddable":true,"href":"https:\/\/circular.berlin\/de\/wp-json\/wp\/v2\/topic?post=7495"}],"curies":[{"name":"wp","href":"https:\/\/api.w.org\/{rel}","templated":true}]}}